{"id":174073,"date":"2020-06-13T08:35:41","date_gmt":"2020-06-13T11:35:41","guid":{"rendered":"https:\/\/www.caririemacao.com\/1\/?p=174073"},"modified":"2020-06-13T08:35:41","modified_gmt":"2020-06-13T11:35:41","slug":"sertania-confirma-mais-dois-casos-de-covid-19-e-municipio-chega-a-100","status":"publish","type":"post","link":"https:\/\/www.caririemacao.com\/1\/2020\/06\/13\/sertania-confirma-mais-dois-casos-de-covid-19-e-municipio-chega-a-100\/","title":{"rendered":"Sert\u00e2nia confirma mais dois casos de Covid-19 e munic\u00edpio chega a 100"},"content":{"rendered":"\n<h1 class=\"wp-block-heading\"><\/h1>\n\n\n\n<p> A secretaria de Sert\u00e2nia\u00a0informou, nesta sexta-feira (12), que dois casos foram CONFIRMADOS para\u00a0Covid-19\u00a0no munic\u00edpio, ap\u00f3s realiza\u00e7\u00e3o de testes r\u00e1pidos.<\/p>\n\n\n\n<p>O munic\u00edpio contabiliza 100 casos do novo coronav\u00edrus, com 32 curas cl\u00ednicas, quatro \u00f3bitos e 15 casos em investiga\u00e7\u00e3o.<\/p>\n","protected":false},"excerpt":{"rendered":"<p>A secretaria de Sert\u00e2nia\u00a0informou, nesta sexta-feira (12), que dois casos foram CONFIRMADOS para\u00a0Covid-19\u00a0no munic\u00edpio, ap\u00f3s realiza\u00e7\u00e3o de testes r\u00e1pidos. O munic\u00edpio contabiliza 100 casos do&hellip; <\/p>\n","protected":false},"author":2,"featured_media":174074,"comment_status":"closed","ping_status":"closed","sticky":false,"template":"","format":"standard","meta":{"sfsi_plus_gutenberg_text_before_share":"","sfsi_plus_gutenberg_show_text_before_share":"","sfsi_plus_gutenberg_icon_type":"","sfsi_plus_gutenberg_icon_alignemt":"","sfsi_plus_gutenburg_max_per_row":"","footnotes":""},"categories":[2],"tags":[],"class_list":["post-174073","post","type-post","status-publish","format-standard","has-post-thumbnail","hentry","category-geral"],"_links":{"self":[{"href":"https:\/\/www.caririemacao.com\/1\/wp-json\/wp\/v2\/posts\/174073","targetHints":{"allow":["GET"]}}],"collection":[{"href":"https:\/\/www.caririemacao.com\/1\/wp-json\/wp\/v2\/posts"}],"about":[{"href":"https:\/\/www.caririemacao.com\/1\/wp-json\/wp\/v2\/types\/post"}],"author":[{"embeddable":true,"href":"https:\/\/www.caririemacao.com\/1\/wp-json\/wp\/v2\/users\/2"}],"replies":[{"embeddable":true,"href":"https:\/\/www.caririemacao.com\/1\/wp-json\/wp\/v2\/comments?post=174073"}],"version-history":[{"count":1,"href":"https:\/\/www.caririemacao.com\/1\/wp-json\/wp\/v2\/posts\/174073\/revisions"}],"predecessor-version":[{"id":174075,"href":"https:\/\/www.caririemacao.com\/1\/wp-json\/wp\/v2\/posts\/174073\/revisions\/174075"}],"wp:featuredmedia":[{"embeddable":true,"href":"https:\/\/www.caririemacao.com\/1\/wp-json\/wp\/v2\/media\/174074"}],"wp:attachment":[{"href":"https:\/\/www.caririemacao.com\/1\/wp-json\/wp\/v2\/media?parent=174073"}],"wp:term":[{"taxonomy":"category","embeddable":true,"href":"https:\/\/www.caririemacao.com\/1\/wp-json\/wp\/v2\/categories?post=174073"},{"taxonomy":"post_tag","embeddable":true,"href":"https:\/\/www.caririemacao.com\/1\/wp-json\/wp\/v2\/tags?post=174073"}],"curies":[{"name":"wp","href":"https:\/\/api.w.org\/{rel}","templated":true}]}}