{"id":174330,"date":"2020-06-15T11:57:37","date_gmt":"2020-06-15T14:57:37","guid":{"rendered":"https:\/\/www.caririemacao.com\/1\/?p=174330"},"modified":"2020-06-15T11:57:37","modified_gmt":"2020-06-15T14:57:37","slug":"iluminacao-publica-prefeitura-de-monteiro-desenvolve-aplicativo-para-solicitacao-de-troca-de-lampadas","status":"publish","type":"post","link":"https:\/\/www.caririemacao.com\/1\/2020\/06\/15\/iluminacao-publica-prefeitura-de-monteiro-desenvolve-aplicativo-para-solicitacao-de-troca-de-lampadas\/","title":{"rendered":"Ilumina\u00e7\u00e3o P\u00fablica: Prefeitura de Monteiro desenvolve aplicativo para solicita\u00e7\u00e3o de troca de l\u00e2mpadas"},"content":{"rendered":"\n<p>A Prefeitura de Monteiro desenvolveu um novo aplicativo para facilitar os pedidos de reparos na ilumina\u00e7\u00e3o p\u00fablica.<\/p>\n\n\n\n<p>De acordo com a prefeita Anna Lorena, o sistema j\u00e1 entrou em opera\u00e7\u00e3o e explica que o aplicativo \u00e9 uma excelente ferramenta, pois permite que o usu\u00e1rio solicite o servi\u00e7o com mais efic\u00e1cia, sem a necessidade de se dirigir \u00e0 Secretaria de Infraestrutura ou fazer uma liga\u00e7\u00e3o.<\/p>\n\n\n\n<p>O novo software, que \u00e9 gratuito, pode ser baixado para smartphones ou tablets. Para isso, o usu\u00e1rio deve acessar o Google Play em seu aparelho e digitar \u201cIlumina\u00e7\u00e3o Monteiro\u201d. O aplicativo aparecer\u00e1 em uma lista e pode ser identificado pela marca da Prefeitura de Monteiro.<\/p>\n\n\n\n<p>\u201cPelo aplicativo \u00e9 poss\u00edvel informar o problema existente e o local exato onde o servi\u00e7o \u00e9 necess\u00e1rio de acordo com a identifica\u00e7\u00e3o no poste que \u00e9 composto de uma letra (que indica o setor) e o n\u00famero do pr\u00f3prio poste. Em quest\u00e3o de segundos o cidad\u00e3o envia o pedido que \u00e9 recebido pelo setor competente facilitando assim o processo\u201d, explicou Anna Lorena.<\/p>\n","protected":false},"excerpt":{"rendered":"<p>A Prefeitura de Monteiro desenvolveu um novo aplicativo para facilitar os pedidos de reparos na ilumina\u00e7\u00e3o p\u00fablica. De acordo com a prefeita Anna Lorena, o&hellip; <\/p>\n","protected":false},"author":2,"featured_media":174331,"comment_status":"closed","ping_status":"closed","sticky":false,"template":"","format":"standard","meta":{"sfsi_plus_gutenberg_text_before_share":"","sfsi_plus_gutenberg_show_text_before_share":"","sfsi_plus_gutenberg_icon_type":"","sfsi_plus_gutenberg_icon_alignemt":"","sfsi_plus_gutenburg_max_per_row":"","footnotes":""},"categories":[6,81],"tags":[],"class_list":["post-174330","post","type-post","status-publish","format-standard","has-post-thumbnail","hentry","category-cidades","category-monteiro"],"_links":{"self":[{"href":"https:\/\/www.caririemacao.com\/1\/wp-json\/wp\/v2\/posts\/174330","targetHints":{"allow":["GET"]}}],"collection":[{"href":"https:\/\/www.caririemacao.com\/1\/wp-json\/wp\/v2\/posts"}],"about":[{"href":"https:\/\/www.caririemacao.com\/1\/wp-json\/wp\/v2\/types\/post"}],"author":[{"embeddable":true,"href":"https:\/\/www.caririemacao.com\/1\/wp-json\/wp\/v2\/users\/2"}],"replies":[{"embeddable":true,"href":"https:\/\/www.caririemacao.com\/1\/wp-json\/wp\/v2\/comments?post=174330"}],"version-history":[{"count":1,"href":"https:\/\/www.caririemacao.com\/1\/wp-json\/wp\/v2\/posts\/174330\/revisions"}],"predecessor-version":[{"id":174332,"href":"https:\/\/www.caririemacao.com\/1\/wp-json\/wp\/v2\/posts\/174330\/revisions\/174332"}],"wp:featuredmedia":[{"embeddable":true,"href":"https:\/\/www.caririemacao.com\/1\/wp-json\/wp\/v2\/media\/174331"}],"wp:attachment":[{"href":"https:\/\/www.caririemacao.com\/1\/wp-json\/wp\/v2\/media?parent=174330"}],"wp:term":[{"taxonomy":"category","embeddable":true,"href":"https:\/\/www.caririemacao.com\/1\/wp-json\/wp\/v2\/categories?post=174330"},{"taxonomy":"post_tag","embeddable":true,"href":"https:\/\/www.caririemacao.com\/1\/wp-json\/wp\/v2\/tags?post=174330"}],"curies":[{"name":"wp","href":"https:\/\/api.w.org\/{rel}","templated":true}]}}