{"id":174334,"date":"2020-06-15T12:00:16","date_gmt":"2020-06-15T15:00:16","guid":{"rendered":"https:\/\/www.caririemacao.com\/1\/?p=174334"},"modified":"2020-06-15T12:00:16","modified_gmt":"2020-06-15T15:00:16","slug":"joao-azevedo-e-demais-governadores-do-nordeste-condenam-violenta-agressao-ao-stf","status":"publish","type":"post","link":"https:\/\/www.caririemacao.com\/1\/2020\/06\/15\/joao-azevedo-e-demais-governadores-do-nordeste-condenam-violenta-agressao-ao-stf\/","title":{"rendered":"Jo\u00e3o Azev\u00eado e demais governadores do Nordeste condenam &#8216;violenta agress\u00e3o&#8217; ao STF"},"content":{"rendered":"\n<p>O F\u00f3rum de Governadores do Nordeste, que re\u00fane os nove mandat\u00e1rios da regi\u00e3o, emitiu uma nota para prestar a &#8220;mais absoluta solidariedade ao STF&#8221;, depois que um grupo de apoiadores do presidente Jair Bolsonaro disparou fogos em dire\u00e7\u00e3o \u00e0 corte, no s\u00e1bado (13).<\/p>\n\n\n\n<p>&#8220;O Brasil n\u00e3o se curvar\u00e1 diante da viol\u00eancia f\u00edsica e moral, protagonizada por grupos movidos pelo \u00f3dio e pela intoler\u00e2ncia. Estamos todos em meio a uma luta incessante para supera\u00e7\u00e3o de uma grave crise sanit\u00e1ria, mas n\u00e3o negligenciaremos outra batalha que tamb\u00e9m se imp\u00f5e. Em defesa da democracia e, assim como no combate \u00e0 pandemia, em defesa do povo brasileiro&#8221;, afirma o documento.<\/p>\n\n\n\n<p>Os governadores afirmam ainda que &#8220;o Brasil saber\u00e1 avan\u00e7ar com passos firmes na prote\u00e7\u00e3o \u00e0 liberdade, \u00e0s pessoas, \u00e0s institui\u00e7\u00f5es democr\u00e1ticas e \u00e0 civilidade. E n\u00f3s continuaremos na linha de frente da caminhada que aponta para o futuro, jamais para retrocessos&#8221;.<\/p>\n\n\n\n<p>O ataque gerou uma s\u00e9rie de rea\u00e7\u00f5es, dos pr\u00f3prios ministros do Supremo. O presidente da Corte, Dias Toffoli, acionou \u00f3rg\u00e3os de investiga\u00e7\u00e3o e pediu \u00e0 PGR (Procuradoria-Geral da Rep\u00fablica) que investigue quem financia os atos de uma &#8220;eventual organiza\u00e7\u00e3o criminosa&#8221; que insiste em atacar o tribunal e a fazem campanhas de \u00f3dio para destruir reputa\u00e7\u00f5es na internet.<\/p>\n\n\n\n<p>O procurador-geral, Augusto Aras, acatou o pedido e abriu a investiga\u00e7\u00e3o.<\/p>\n\n\n\n<p><strong>Leia a \u00edntegra da nota dos governadores:<\/strong><\/p>\n\n\n\n<p><em>&#8220;O Brasil n\u00e3o se curvar\u00e1 diante da viol\u00eancia f\u00edsica e moral, protagonizada por grupos movidos pelo \u00f3dio e pela intoler\u00e2ncia. Estamos todos em meio a uma luta incessante para supera\u00e7\u00e3o de uma grave crise sanit\u00e1ria, mas n\u00e3o negligenciaremos outra batalha que tamb\u00e9m se imp\u00f5e. Em defesa da democracia e, assim como no combate \u00e0 pandemia, em defesa do povo brasileiro.<\/em><\/p>\n\n\n\n<p><em>N\u00f3s, governadores do Nordeste, manifestamos nossa mais absoluta solidariedade ao STF, violentamente agredido neste final de semana, mas que reafirma o seu inarred\u00e1vel prop\u00f3sito de guardi\u00e3o maior da nossa Constitui\u00e7\u00e3o. O Brasil saber\u00e1 avan\u00e7ar com passos firmes na prote\u00e7\u00e3o \u00e0 liberdade, \u00e0s pessoas, \u00e0s institui\u00e7\u00f5es democr\u00e1ticas e \u00e0 civilidade. E n\u00f3s continuaremos na linha de frente da caminhada que aponta para o futuro, jamais para retrocessos.&#8221;<\/em><\/p>\n\n\n\n<p><em>F\u00f3rum de Governadores do Nordeste<\/em><\/p>\n","protected":false},"excerpt":{"rendered":"<p>O F\u00f3rum de Governadores do Nordeste, que re\u00fane os nove mandat\u00e1rios da regi\u00e3o, emitiu uma nota para prestar a &#8220;mais absoluta solidariedade ao STF&#8221;, depois&hellip; <\/p>\n","protected":false},"author":2,"featured_media":174335,"comment_status":"closed","ping_status":"closed","sticky":false,"template":"","format":"standard","meta":{"sfsi_plus_gutenberg_text_before_share":"","sfsi_plus_gutenberg_show_text_before_share":"","sfsi_plus_gutenberg_icon_type":"","sfsi_plus_gutenberg_icon_alignemt":"","sfsi_plus_gutenburg_max_per_row":"","footnotes":""},"categories":[11],"tags":[],"class_list":["post-174334","post","type-post","status-publish","format-standard","has-post-thumbnail","hentry","category-politica"],"_links":{"self":[{"href":"https:\/\/www.caririemacao.com\/1\/wp-json\/wp\/v2\/posts\/174334","targetHints":{"allow":["GET"]}}],"collection":[{"href":"https:\/\/www.caririemacao.com\/1\/wp-json\/wp\/v2\/posts"}],"about":[{"href":"https:\/\/www.caririemacao.com\/1\/wp-json\/wp\/v2\/types\/post"}],"author":[{"embeddable":true,"href":"https:\/\/www.caririemacao.com\/1\/wp-json\/wp\/v2\/users\/2"}],"replies":[{"embeddable":true,"href":"https:\/\/www.caririemacao.com\/1\/wp-json\/wp\/v2\/comments?post=174334"}],"version-history":[{"count":1,"href":"https:\/\/www.caririemacao.com\/1\/wp-json\/wp\/v2\/posts\/174334\/revisions"}],"predecessor-version":[{"id":174336,"href":"https:\/\/www.caririemacao.com\/1\/wp-json\/wp\/v2\/posts\/174334\/revisions\/174336"}],"wp:featuredmedia":[{"embeddable":true,"href":"https:\/\/www.caririemacao.com\/1\/wp-json\/wp\/v2\/media\/174335"}],"wp:attachment":[{"href":"https:\/\/www.caririemacao.com\/1\/wp-json\/wp\/v2\/media?parent=174334"}],"wp:term":[{"taxonomy":"category","embeddable":true,"href":"https:\/\/www.caririemacao.com\/1\/wp-json\/wp\/v2\/categories?post=174334"},{"taxonomy":"post_tag","embeddable":true,"href":"https:\/\/www.caririemacao.com\/1\/wp-json\/wp\/v2\/tags?post=174334"}],"curies":[{"name":"wp","href":"https:\/\/api.w.org\/{rel}","templated":true}]}}