{"id":174383,"date":"2020-06-15T16:28:39","date_gmt":"2020-06-15T19:28:39","guid":{"rendered":"https:\/\/www.caririemacao.com\/1\/?p=174383"},"modified":"2020-06-15T16:29:27","modified_gmt":"2020-06-15T19:29:27","slug":"homem-e-conduzido-a-delegacia-por-crime-maria-da-penha-na-cidade-de-coxixola","status":"publish","type":"post","link":"https:\/\/www.caririemacao.com\/1\/2020\/06\/15\/homem-e-conduzido-a-delegacia-por-crime-maria-da-penha-na-cidade-de-coxixola\/","title":{"rendered":"Homem \u00e9 conduzido \u00e0 delegacia por crime Maria da Penha na cidade de Coxixola"},"content":{"rendered":"\n<p>Por volta das 21h00min, do domingo (14), a Pol\u00edcia Militar recebeu uma den\u00fancia de agress\u00e3o que estava ocorrendo na Rua Projetada na Cidade de Coxixola.<\/p>\n\n\n\n<p>A guarni\u00e7\u00e3o foi ao local e encontrou o acusado de 25 anos de idade em sua resid\u00eancia, onde confessou ter quebrado alguns objetos em sua resid\u00eancia. Sua esposa de 25 anos de idade denunciou que foi agredida fisicamente e verbalmente por ele. Ambos foram conduzidos \u00e0 Delegacia de Pol\u00edcia Civil de Monteiro e apresentados \u00e0 autoridade de plant\u00e3o.<\/p>\n\n\n\n<p><\/p>\n\n\n\n<p><em>11\u00ba BPM \u2013 Batalh\u00e3o 1\u00ba SGT Ylton Sales Silva<\/em><br><em>Se\u00e7\u00e3o de Comunica\u00e7\u00e3o Social e Marketing Institucional do 11\u00ba BPM<\/em><\/p>\n","protected":false},"excerpt":{"rendered":"<p>Por volta das 21h00min, do domingo (14), a Pol\u00edcia Militar recebeu uma den\u00fancia de agress\u00e3o que estava ocorrendo na Rua Projetada na Cidade de Coxixola.&hellip; <\/p>\n","protected":false},"author":1,"featured_media":172613,"comment_status":"closed","ping_status":"closed","sticky":false,"template":"","format":"standard","meta":{"sfsi_plus_gutenberg_text_before_share":"","sfsi_plus_gutenberg_show_text_before_share":"","sfsi_plus_gutenberg_icon_type":"","sfsi_plus_gutenberg_icon_alignemt":"","sfsi_plus_gutenburg_max_per_row":"","footnotes":""},"categories":[6,50,12],"tags":[],"class_list":["post-174383","post","type-post","status-publish","format-standard","has-post-thumbnail","hentry","category-cidades","category-destaque","category-policia"],"_links":{"self":[{"href":"https:\/\/www.caririemacao.com\/1\/wp-json\/wp\/v2\/posts\/174383","targetHints":{"allow":["GET"]}}],"collection":[{"href":"https:\/\/www.caririemacao.com\/1\/wp-json\/wp\/v2\/posts"}],"about":[{"href":"https:\/\/www.caririemacao.com\/1\/wp-json\/wp\/v2\/types\/post"}],"author":[{"embeddable":true,"href":"https:\/\/www.caririemacao.com\/1\/wp-json\/wp\/v2\/users\/1"}],"replies":[{"embeddable":true,"href":"https:\/\/www.caririemacao.com\/1\/wp-json\/wp\/v2\/comments?post=174383"}],"version-history":[{"count":2,"href":"https:\/\/www.caririemacao.com\/1\/wp-json\/wp\/v2\/posts\/174383\/revisions"}],"predecessor-version":[{"id":174385,"href":"https:\/\/www.caririemacao.com\/1\/wp-json\/wp\/v2\/posts\/174383\/revisions\/174385"}],"wp:featuredmedia":[{"embeddable":true,"href":"https:\/\/www.caririemacao.com\/1\/wp-json\/wp\/v2\/media\/172613"}],"wp:attachment":[{"href":"https:\/\/www.caririemacao.com\/1\/wp-json\/wp\/v2\/media?parent=174383"}],"wp:term":[{"taxonomy":"category","embeddable":true,"href":"https:\/\/www.caririemacao.com\/1\/wp-json\/wp\/v2\/categories?post=174383"},{"taxonomy":"post_tag","embeddable":true,"href":"https:\/\/www.caririemacao.com\/1\/wp-json\/wp\/v2\/tags?post=174383"}],"curies":[{"name":"wp","href":"https:\/\/api.w.org\/{rel}","templated":true}]}}