{"id":174386,"date":"2020-06-15T16:31:28","date_gmt":"2020-06-15T19:31:28","guid":{"rendered":"https:\/\/www.caririemacao.com\/1\/?p=174386"},"modified":"2020-06-15T16:31:28","modified_gmt":"2020-06-15T19:31:28","slug":"a-pedido-de-lideranca-local-prefeito-de-taperoa-vai-autorizar-construcao-de-ancora-de-saude-na-zona-rural","status":"publish","type":"post","link":"https:\/\/www.caririemacao.com\/1\/2020\/06\/15\/a-pedido-de-lideranca-local-prefeito-de-taperoa-vai-autorizar-construcao-de-ancora-de-saude-na-zona-rural\/","title":{"rendered":"A pedido de lideran\u00e7a local, prefeito de Tapero\u00e1 vai autorizar constru\u00e7\u00e3o de \u00e2ncora de sa\u00fade na zona rural"},"content":{"rendered":"\n<p>Um desejo antigos dos moradores das comunidades de Lagoa de On\u00e7a, Assentamento Jos\u00e9 Moreira, Leit\u00f5es e Jatob\u00e1 da Serra ser\u00e1 transformado em realidade pela Prefeitura de Tapero\u00e1. A pedido do l\u00edder comunit\u00e1rio Ant\u00f4nio Avelino, o prefeito J\u00fanior de Preto vai dar ordem de servi\u00e7o para constru\u00e7\u00e3o de \u00e2ncora de sa\u00fade na comunidade de Lagoa de On\u00e7a.<\/p>\n\n\n\n<p>Segundo Ant\u00f4nio Avelino, esse pleito j\u00e1 vinha sendo defendido h\u00e1 04 anos e toda a comunidade est\u00e1 muito feliz com o sinal verde dado pelo prefeito J\u00fanior de Preto. O gestor prometeu o in\u00edcio da obra j\u00e1 para o fim deste m\u00eas de junho.<\/p>\n\n\n\n<p>Ant\u00f4nio, que tem um hist\u00f3rico de atua\u00e7\u00e3o no Movimento Estudantil e movimentos de pol\u00edticas p\u00fablicas voltadas ao campo, agradeceu a sensibilidade e compromisso do prefeito J\u00fanior de Preto com sua comunidade e destacou que al\u00e9m da Lagoa de On\u00e7a, a \u00e2ncora de sa\u00fade vai assistir com comodidade os moradores do Assentamento Jos\u00e9 Moreira, Leit\u00f5es e Jatob\u00e1 da Serra.<\/p>\n\n\n\n<p><strong>De Olho no Cariri<\/strong><\/p>\n","protected":false},"excerpt":{"rendered":"<p>Um desejo antigos dos moradores das comunidades de Lagoa de On\u00e7a, Assentamento Jos\u00e9 Moreira, Leit\u00f5es e Jatob\u00e1 da Serra ser\u00e1 transformado em realidade pela Prefeitura&hellip; <\/p>\n","protected":false},"author":1,"featured_media":174387,"comment_status":"closed","ping_status":"closed","sticky":false,"template":"","format":"standard","meta":{"sfsi_plus_gutenberg_text_before_share":"","sfsi_plus_gutenberg_show_text_before_share":"","sfsi_plus_gutenberg_icon_type":"","sfsi_plus_gutenberg_icon_alignemt":"","sfsi_plus_gutenburg_max_per_row":"","footnotes":""},"categories":[6],"tags":[],"class_list":["post-174386","post","type-post","status-publish","format-standard","has-post-thumbnail","hentry","category-cidades"],"_links":{"self":[{"href":"https:\/\/www.caririemacao.com\/1\/wp-json\/wp\/v2\/posts\/174386","targetHints":{"allow":["GET"]}}],"collection":[{"href":"https:\/\/www.caririemacao.com\/1\/wp-json\/wp\/v2\/posts"}],"about":[{"href":"https:\/\/www.caririemacao.com\/1\/wp-json\/wp\/v2\/types\/post"}],"author":[{"embeddable":true,"href":"https:\/\/www.caririemacao.com\/1\/wp-json\/wp\/v2\/users\/1"}],"replies":[{"embeddable":true,"href":"https:\/\/www.caririemacao.com\/1\/wp-json\/wp\/v2\/comments?post=174386"}],"version-history":[{"count":1,"href":"https:\/\/www.caririemacao.com\/1\/wp-json\/wp\/v2\/posts\/174386\/revisions"}],"predecessor-version":[{"id":174388,"href":"https:\/\/www.caririemacao.com\/1\/wp-json\/wp\/v2\/posts\/174386\/revisions\/174388"}],"wp:featuredmedia":[{"embeddable":true,"href":"https:\/\/www.caririemacao.com\/1\/wp-json\/wp\/v2\/media\/174387"}],"wp:attachment":[{"href":"https:\/\/www.caririemacao.com\/1\/wp-json\/wp\/v2\/media?parent=174386"}],"wp:term":[{"taxonomy":"category","embeddable":true,"href":"https:\/\/www.caririemacao.com\/1\/wp-json\/wp\/v2\/categories?post=174386"},{"taxonomy":"post_tag","embeddable":true,"href":"https:\/\/www.caririemacao.com\/1\/wp-json\/wp\/v2\/tags?post=174386"}],"curies":[{"name":"wp","href":"https:\/\/api.w.org\/{rel}","templated":true}]}}