{"id":174389,"date":"2020-06-16T06:18:55","date_gmt":"2020-06-16T09:18:55","guid":{"rendered":"https:\/\/www.caririemacao.com\/1\/?p=174389"},"modified":"2020-06-16T06:18:55","modified_gmt":"2020-06-16T09:18:55","slug":"detran-retoma-servicos-presenciais-de-forma-gradual-na-paraiba","status":"publish","type":"post","link":"https:\/\/www.caririemacao.com\/1\/2020\/06\/16\/detran-retoma-servicos-presenciais-de-forma-gradual-na-paraiba\/","title":{"rendered":"Detran retoma servi\u00e7os presenciais de forma gradual na Para\u00edba"},"content":{"rendered":"\n<p>Atendendo \u00e0 determina\u00e7\u00e3o do novo Decreto Governamental, o Departamento Estadual de Tr\u00e2nsito (Detran-PB) retoma, a partir desta ter\u00e7a-feira (16), na sede, e desta quarta-feira (17), nas 27 Ciretrans do Estado, alguns servi\u00e7os presenciais, mediante&nbsp; agendamento pr\u00e9vio, por meio do site do \u00f3rg\u00e3o (<a href=\"http:\/\/detran.pb.gov.br\/\" target=\"_blank\" rel=\"noreferrer noopener\">detran.pb.gov.br<\/a>). Neste primeiro momento, o atendimento ao p\u00fablico ser\u00e1 em hor\u00e1rio corrido, das 7h30 \u00e0s 13h30.<\/p>\n\n\n\n<p>Al\u00e9m de enfatizar os servi\u00e7os online ampliados durante a pandemia do novo Coronav\u00edrus, dispon\u00edveis no site do Detran-PB, o superintendente Agamenon Vieira destaca que a retomada ser\u00e1 gradual, atendendo \u00e0s exig\u00eancias sanit\u00e1rias e de distanciamento entre usu\u00e1rios e servidores, impostas pela Secretaria de Estado da Sa\u00fade.<\/p>\n\n\n\n<p>Com essa amplia\u00e7\u00e3o, a partir de agora, o n\u00famero de agendamentos passar\u00e1 de 58 para 170, na sede. A 1\u00aa Ciretran, em Campina Grande, atender\u00e1 80 usu\u00e1rios por dia, enquanto as demais far\u00e3o 40 agendamentos nos munic\u00edpios com concession\u00e1rias de ve\u00edculos, e 20 nas Ciretrans sem esse equipamento. Os postos de tr\u00e2nsito ser\u00e3o reabertos no decorrer da semana.<\/p>\n\n\n\n<p>A dire\u00e7\u00e3o do \u00f3rg\u00e3o destaca que s\u00f3 ser\u00e1 permitido o ingresso nos pr\u00e9dios, mediante a apresenta\u00e7\u00e3o do protocolo do agendamento. Adverte ainda que ser\u00e1 obrigat\u00f3rio o uso de m\u00e1scaras e informa que, neste primeiro momento, as guias dever\u00e3o ser pagas fora da sede e Ciretrans, para evitar aglomera\u00e7\u00f5es nas filas de correspondentes banc\u00e1rios.<\/p>\n\n\n\n<p>Segue a rela\u00e7\u00e3o dos servi\u00e7os presenciais oferecidos, por meio de agendamento pr\u00e9vio, no site do Detran:<\/p>\n\n\n\n<ul class=\"wp-block-list\"><li>Transfer\u00eancia de propriedade de ve\u00edculos da Para\u00edba;<\/li><li>Transfer\u00eancia de propriedade de ve\u00edculos de outros estados da federa\u00e7\u00e3o;<\/li><li>2\u00aa via do Certificado de Registro de Ve\u00edculos (CRV \u2013 antigo DUT\/recibo);<\/li><li>Libera\u00e7\u00e3o de ve\u00edculos apreendidos;<\/li><li>Entrega de Carteira Nacional de Habilita\u00e7\u00e3o (CNH);<\/li><li>Solicita\u00e7\u00e3o de placas;<\/li><li>Primeiro emplacamento;<\/li><li>Baixa e implanta\u00e7\u00e3o de gravame;<\/li><li>Renova\u00e7\u00e3o de licenciamento de ve\u00edculos de carga;<\/li><li>Instala\u00e7\u00e3o de placas de processos j\u00e1 conclu\u00eddos;<\/li><li>Vistoria.<\/li><\/ul>\n\n\n\n<p>A partir de agora, os servi\u00e7os disponibilizados por meio do site e de aplicativo, n\u00e3o ser\u00e3o atendidos de forma presencial. S\u00e3o eles:<\/p>\n\n\n\n<ul class=\"wp-block-list\"><li>Impress\u00e3o da guia para pagamento de boleto de licenciamento anual;<\/li><li>Consulta de processo do ve\u00edculo;<\/li><li>Ingresso com recurso de multa;<\/li><li>Parcelamento de multas e licenciamento em atraso, por empresas credenciadas ao Detran-PB;<\/li><li>Emiss\u00e3o e impress\u00e3o do CRLV Digital;<\/li><li>Agendamento para libera\u00e7\u00e3o de ve\u00edculos;<\/li><li>Agendamento para servi\u00e7os de vistoria;<\/li><li>Solicita\u00e7\u00e3o de 2\u00aa via da Carteira Nacional de Habilita\u00e7\u00e3o e da CNH definitiva.<\/li><\/ul>\n","protected":false},"excerpt":{"rendered":"<p>Atendendo \u00e0 determina\u00e7\u00e3o do novo Decreto Governamental, o Departamento Estadual de Tr\u00e2nsito (Detran-PB) retoma, a partir desta ter\u00e7a-feira (16), na sede, e desta quarta-feira (17),&hellip; <\/p>\n","protected":false},"author":2,"featured_media":154331,"comment_status":"closed","ping_status":"closed","sticky":false,"template":"","format":"standard","meta":{"sfsi_plus_gutenberg_text_before_share":"","sfsi_plus_gutenberg_show_text_before_share":"","sfsi_plus_gutenberg_icon_type":"","sfsi_plus_gutenberg_icon_alignemt":"","sfsi_plus_gutenburg_max_per_row":"","footnotes":""},"categories":[2],"tags":[],"class_list":["post-174389","post","type-post","status-publish","format-standard","has-post-thumbnail","hentry","category-geral"],"_links":{"self":[{"href":"https:\/\/www.caririemacao.com\/1\/wp-json\/wp\/v2\/posts\/174389","targetHints":{"allow":["GET"]}}],"collection":[{"href":"https:\/\/www.caririemacao.com\/1\/wp-json\/wp\/v2\/posts"}],"about":[{"href":"https:\/\/www.caririemacao.com\/1\/wp-json\/wp\/v2\/types\/post"}],"author":[{"embeddable":true,"href":"https:\/\/www.caririemacao.com\/1\/wp-json\/wp\/v2\/users\/2"}],"replies":[{"embeddable":true,"href":"https:\/\/www.caririemacao.com\/1\/wp-json\/wp\/v2\/comments?post=174389"}],"version-history":[{"count":1,"href":"https:\/\/www.caririemacao.com\/1\/wp-json\/wp\/v2\/posts\/174389\/revisions"}],"predecessor-version":[{"id":174390,"href":"https:\/\/www.caririemacao.com\/1\/wp-json\/wp\/v2\/posts\/174389\/revisions\/174390"}],"wp:featuredmedia":[{"embeddable":true,"href":"https:\/\/www.caririemacao.com\/1\/wp-json\/wp\/v2\/media\/154331"}],"wp:attachment":[{"href":"https:\/\/www.caririemacao.com\/1\/wp-json\/wp\/v2\/media?parent=174389"}],"wp:term":[{"taxonomy":"category","embeddable":true,"href":"https:\/\/www.caririemacao.com\/1\/wp-json\/wp\/v2\/categories?post=174389"},{"taxonomy":"post_tag","embeddable":true,"href":"https:\/\/www.caririemacao.com\/1\/wp-json\/wp\/v2\/tags?post=174389"}],"curies":[{"name":"wp","href":"https:\/\/api.w.org\/{rel}","templated":true}]}}