{"id":174673,"date":"2020-06-17T07:49:21","date_gmt":"2020-06-17T10:49:21","guid":{"rendered":"https:\/\/www.caririemacao.com\/1\/?p=174673"},"modified":"2020-06-17T07:49:21","modified_gmt":"2020-06-17T10:49:21","slug":"fpf-convoca-clubes-para-debater-a-retomada-do-campeonato-paraibano","status":"publish","type":"post","link":"https:\/\/www.caririemacao.com\/1\/2020\/06\/17\/fpf-convoca-clubes-para-debater-a-retomada-do-campeonato-paraibano\/","title":{"rendered":"FPF convoca clubes para debater a retomada do Campeonato Paraibano"},"content":{"rendered":"\n<h1 class=\"wp-block-heading\"><\/h1>\n\n\n\n<p>A Federa\u00e7\u00e3o Paraibana de Futebol (FPF) convocou os&nbsp;10 clubes da elite estadual para uma reuni\u00e3o onde ser\u00e1 debatido&nbsp;o retorno dos jogos do Campeonato Paraibano. Uma reuni\u00e3o presencial est\u00e1 agendada para as 15h desta&nbsp;quinta-feira (18), na sede da FPF.&nbsp;<\/p>\n\n\n\n<p>Em pauta est\u00e3o a apresenta\u00e7\u00e3o do Plano de A\u00e7\u00e3o para a retomada do futebol no estado, j\u00e1 com o prov\u00e1vel agendamento de datas para as partidas, e tamb\u00e9m da estrat\u00e9gia para que todos os clubes fa\u00e7am os testes da Covid-19.<\/p>\n\n\n\n<p>A reuni\u00e3o acontece depois de o Governo do Estado liberar a retomada dos treinos dos clubes profissionais, com as prefeituras definindo os cronogramas em cada munic\u00edpio. Ser\u00e1 debatido&nbsp;sobre as datas para as rodadas finais do Campeonato Paraibano. A competi\u00e7\u00e3o estadual foi paralisada h\u00e1 quase tr\u00eas meses e precisa ainda de pelo menos sete datas para ser encerrada.<\/p>\n\n\n\n<p>O diretor executivo da FPF, Otamar Almeida, explicou que todos os clubes j\u00e1 foram convocados para a reuni\u00e3o da quinta-feira, e a tend\u00eancia \u00e9 que algumas delibera\u00e7\u00f5es sobre o retorno do Paraibano j\u00e1 sejam feitas nesse encontro. Principal questionamento dos clubes at\u00e9 o momento, a estrat\u00e9gia para que todos os envolvidos nesse retorno fa\u00e7am os exames da Covid-19 vai ser abordada na reuni\u00e3o.<\/p>\n\n\n\n<p>&#8220;Vamos dar todas as condi\u00e7\u00f5es para os clubes retornarem ao campeonato&#8221;,&nbsp;garantiu Otamar Almeida.<\/p>\n\n\n\n<p>De acordo com o dirigente, as ideias da FPF para essa reuni\u00e3o s\u00e3o principalmente duas:<\/p>\n\n\n\n<p>1) apresentar o Plano de A\u00e7\u00e3o para a retomada, que inclui a estrat\u00e9gia sobre o exames;&nbsp;<\/p>\n\n\n\n<p>2) j\u00e1 tentar elaborar um cronograma de jogos para a sequ\u00eancia do Campeonato Paraibano.<\/p>\n\n\n\n<p>Sobre os testes da Covid-19, a FPF j\u00e1 vem trabalhando numa solu\u00e7\u00e3o que, por ora, ainda \u00e9 sigilosa, mas que vai ser apresentada aos clubes nesse encontro. O Protocolo M\u00e9dico e o Plano de A\u00e7\u00e3o para a retomada do futebol &#8211; documentos que j\u00e1 foram enviados ao Governo do Estado e \u00e0s secretarias estaduais de Sa\u00fade e Esportes &#8211; v\u00e3o ser tamb\u00e9m apresentados aos clubes nessa reuni\u00e3o.&nbsp;<\/p>\n\n\n\n<p>&#8220;Vamos apresentar nessa reuni\u00e3o. Tudo isso est\u00e1 dentro do plano de a\u00e7\u00e3o de retomada do campeonato&#8221;, explicou Otamar.<\/p>\n\n\n\n<p>J\u00e1 com rela\u00e7\u00e3o ao cronograma, a FPF pretende elaborar junto com os clubes, dialogando sobre datas e condi\u00e7\u00f5es de cada agremia\u00e7\u00e3o. Apesar de alguns munic\u00edpios j\u00e1 terem definido seus cronogramas de retomada, nenhum time voltou aos treinos.<\/p>\n\n\n\n<p>O Campeonato Paraibano foi paralisado no dia 19 de mar\u00e7o, quando ainda restavam duas rodadas completas da primeira fase &#8211; al\u00e9m de um jogo isolado da rodada #8 -, as duas semifinais e as partidas da decis\u00e3o.<\/p>\n\n\n\n<p><strong>Sobre a volta aos treinos<\/strong><\/p>\n\n\n\n<p>Depois de o Governo do Estado liberar que os clubes profissionais voltassem aos treinos j\u00e1 a partir dessa segunda-feira (15), mas deixar a cargo das prefeituras que cada uma decidisse sobre seus respectivos munic\u00edpios, alguns cronogramas j\u00e1 foram tra\u00e7ados. Em Jo\u00e3o Pessoa, por exemplo, os treinos est\u00e3o autorizados a partir do dia 29 de junho &#8211; \u00e9 quando o Botafogo-PB pretende voltar \u00e0 ativa.<\/p>\n\n\n\n<p>Em Campina Grande, a Prefeitura Municipal decidiu preferiu dialogar com os clubes da cidade antes de definir uma data para o retorno das atividades. O prefeito Romero Rodrigues, inclusive, j\u00e1 se reuniu nesse segunda-feira com os presidente de Campinense e Treze (a Perilima n\u00e3o participou e alegou que n\u00e3o foi convidada) e iniciaram os debates. Um novo encontro est\u00e1 marcado para a pr\u00f3xima sexta-feira.<\/p>\n\n\n\n<p>Em Cajazeiras, os treinos tamb\u00e9m j\u00e1 est\u00e3o liberados, e o Atl\u00e9tico-PB trabalha para reunir todo o seu elenco at\u00e9 o fim desta semana e retomar as atividades o quanto antes. Em Patos, a Secretaria de Esportes informou que o Est\u00e1dio Jos\u00e9 Cavalcanti segue fechado, e o Nacional de Patos ainda n\u00e3o se posicionou sobre a retomada.<\/p>\n","protected":false},"excerpt":{"rendered":"<p>A Federa\u00e7\u00e3o Paraibana de Futebol (FPF) convocou os&nbsp;10 clubes da elite estadual para uma reuni\u00e3o onde ser\u00e1 debatido&nbsp;o retorno dos jogos do Campeonato Paraibano. Uma&hellip; <\/p>\n","protected":false},"author":2,"featured_media":174674,"comment_status":"closed","ping_status":"closed","sticky":false,"template":"","format":"standard","meta":{"sfsi_plus_gutenberg_text_before_share":"","sfsi_plus_gutenberg_show_text_before_share":"","sfsi_plus_gutenberg_icon_type":"","sfsi_plus_gutenberg_icon_alignemt":"","sfsi_plus_gutenburg_max_per_row":"","footnotes":""},"categories":[2],"tags":[],"class_list":["post-174673","post","type-post","status-publish","format-standard","has-post-thumbnail","hentry","category-geral"],"_links":{"self":[{"href":"https:\/\/www.caririemacao.com\/1\/wp-json\/wp\/v2\/posts\/174673","targetHints":{"allow":["GET"]}}],"collection":[{"href":"https:\/\/www.caririemacao.com\/1\/wp-json\/wp\/v2\/posts"}],"about":[{"href":"https:\/\/www.caririemacao.com\/1\/wp-json\/wp\/v2\/types\/post"}],"author":[{"embeddable":true,"href":"https:\/\/www.caririemacao.com\/1\/wp-json\/wp\/v2\/users\/2"}],"replies":[{"embeddable":true,"href":"https:\/\/www.caririemacao.com\/1\/wp-json\/wp\/v2\/comments?post=174673"}],"version-history":[{"count":1,"href":"https:\/\/www.caririemacao.com\/1\/wp-json\/wp\/v2\/posts\/174673\/revisions"}],"predecessor-version":[{"id":174675,"href":"https:\/\/www.caririemacao.com\/1\/wp-json\/wp\/v2\/posts\/174673\/revisions\/174675"}],"wp:featuredmedia":[{"embeddable":true,"href":"https:\/\/www.caririemacao.com\/1\/wp-json\/wp\/v2\/media\/174674"}],"wp:attachment":[{"href":"https:\/\/www.caririemacao.com\/1\/wp-json\/wp\/v2\/media?parent=174673"}],"wp:term":[{"taxonomy":"category","embeddable":true,"href":"https:\/\/www.caririemacao.com\/1\/wp-json\/wp\/v2\/categories?post=174673"},{"taxonomy":"post_tag","embeddable":true,"href":"https:\/\/www.caririemacao.com\/1\/wp-json\/wp\/v2\/tags?post=174673"}],"curies":[{"name":"wp","href":"https:\/\/api.w.org\/{rel}","templated":true}]}}