{"id":174681,"date":"2020-06-17T09:40:52","date_gmt":"2020-06-17T12:40:52","guid":{"rendered":"https:\/\/www.caririemacao.com\/1\/?p=174681"},"modified":"2020-06-17T09:40:52","modified_gmt":"2020-06-17T12:40:52","slug":"policia-militar-realiza-operacoes-qualificadas-de-transito-na-regiao-do-cariri-paraibano","status":"publish","type":"post","link":"https:\/\/www.caririemacao.com\/1\/2020\/06\/17\/policia-militar-realiza-operacoes-qualificadas-de-transito-na-regiao-do-cariri-paraibano\/","title":{"rendered":"Pol\u00edcia Militar realiza opera\u00e7\u00f5es qualificadas de tr\u00e2nsito na regi\u00e3o do Cariri paraibano"},"content":{"rendered":"\n<p>Nesta ter\u00e7a-feira(16) a Pol\u00edcia Militar realizou uma opera\u00e7\u00e3o na regi\u00e3o do Cariri paraibano com o intuito de coibir crimes nos munic\u00edpios e tirar de circula\u00e7\u00e3o armas, drogas, criminosos, ve\u00edculos roubados e motoristas dirigindo sobre efeito de \u00e1lcool.<\/p>\n\n\n\n<p>Na cidade da Prata, por volta das 22h06min desta ter\u00e7a, durante a opera\u00e7\u00e3o policial, foram abordados dois condutores, um de 20 anos de idade que estava conduzindo uma moto Honda CG 125 e outro condutor de 26 anos de idade que estava conduzindo uma moto Honda XRE 300, ambos n\u00e3o possu\u00edam carteira de habilita\u00e7\u00e3o, bem como n\u00e3o portavam e nem possu\u00edam documenta\u00e7\u00e3o das motos. As mesmas estavam com diversas irregularidades e foram encaminhadas a 7\u00aa CIRETRAN.<\/p>\n\n\n\n<p>Em Serra Branca na ter\u00e7a-feira (16), por volta das 16h40min, a guarni\u00e7\u00e3o abordou um homem de 45 anos de idade, o qual conduzia uma motocicleta Honda CG 125, sem portar documenta\u00e7\u00e3o exigida pelo CONTRAN, sem capacete de seguran\u00e7a e a moto al\u00e9m de n\u00e3o possuir documenta\u00e7\u00e3o, estava apresentando diversas irregularidades. J\u00e1 por volta das 21h37min, foram abordados dois condutores, em uma moto CG 150 e o outro em uma moto CG 125, ambos n\u00e3o estavam portando e nem possu\u00edam documenta\u00e7\u00e3o das motos, bem como tamb\u00e9m foi identificadas diversas irregularidades nos ve\u00edculos. Todas as motocicletas foram encaminhadas a 7\u00aa CIRETRAN.<\/p>\n\n\n\n<p>Em Camala\u00fa na ter\u00e7a-feira (16), por volta das 22h00min, foi registrado um acidente de tr\u00e2nsito, onde um um carro Ford Ka conduzido pelo funcion\u00e1rio dos correios, bateu na lateral de um caminh\u00e3o que tentou manobrar para entrar em uma estrada vicinal. o condutor do Ford Ka foi socorrida por uma equipe de sa\u00fade de Camala\u00fa at\u00e9 a cidade de Sum\u00e9 e posteriormente o mesmo foi encaminhado para Hospital do Trauma em Campina Grande com o estado de sa\u00fade est\u00e1vel.<\/p>\n","protected":false},"excerpt":{"rendered":"<p>Nesta ter\u00e7a-feira(16) a Pol\u00edcia Militar realizou uma opera\u00e7\u00e3o na regi\u00e3o do Cariri paraibano com o intuito de coibir crimes nos munic\u00edpios e tirar de circula\u00e7\u00e3o&hellip; <\/p>\n","protected":false},"author":2,"featured_media":174682,"comment_status":"closed","ping_status":"closed","sticky":false,"template":"","format":"standard","meta":{"sfsi_plus_gutenberg_text_before_share":"","sfsi_plus_gutenberg_show_text_before_share":"","sfsi_plus_gutenberg_icon_type":"","sfsi_plus_gutenberg_icon_alignemt":"","sfsi_plus_gutenburg_max_per_row":"","footnotes":""},"categories":[12],"tags":[],"class_list":["post-174681","post","type-post","status-publish","format-standard","has-post-thumbnail","hentry","category-policia"],"_links":{"self":[{"href":"https:\/\/www.caririemacao.com\/1\/wp-json\/wp\/v2\/posts\/174681","targetHints":{"allow":["GET"]}}],"collection":[{"href":"https:\/\/www.caririemacao.com\/1\/wp-json\/wp\/v2\/posts"}],"about":[{"href":"https:\/\/www.caririemacao.com\/1\/wp-json\/wp\/v2\/types\/post"}],"author":[{"embeddable":true,"href":"https:\/\/www.caririemacao.com\/1\/wp-json\/wp\/v2\/users\/2"}],"replies":[{"embeddable":true,"href":"https:\/\/www.caririemacao.com\/1\/wp-json\/wp\/v2\/comments?post=174681"}],"version-history":[{"count":1,"href":"https:\/\/www.caririemacao.com\/1\/wp-json\/wp\/v2\/posts\/174681\/revisions"}],"predecessor-version":[{"id":174683,"href":"https:\/\/www.caririemacao.com\/1\/wp-json\/wp\/v2\/posts\/174681\/revisions\/174683"}],"wp:featuredmedia":[{"embeddable":true,"href":"https:\/\/www.caririemacao.com\/1\/wp-json\/wp\/v2\/media\/174682"}],"wp:attachment":[{"href":"https:\/\/www.caririemacao.com\/1\/wp-json\/wp\/v2\/media?parent=174681"}],"wp:term":[{"taxonomy":"category","embeddable":true,"href":"https:\/\/www.caririemacao.com\/1\/wp-json\/wp\/v2\/categories?post=174681"},{"taxonomy":"post_tag","embeddable":true,"href":"https:\/\/www.caririemacao.com\/1\/wp-json\/wp\/v2\/tags?post=174681"}],"curies":[{"name":"wp","href":"https:\/\/api.w.org\/{rel}","templated":true}]}}