{"id":174727,"date":"2020-06-17T13:37:05","date_gmt":"2020-06-17T16:37:05","guid":{"rendered":"https:\/\/www.caririemacao.com\/1\/?p=174727"},"modified":"2020-06-17T13:37:05","modified_gmt":"2020-06-17T16:37:05","slug":"desembargador-extingue-acao-de-partido-que-questionava-decretos-do-governo-da-paraiba-no-combate-a-covid-19","status":"publish","type":"post","link":"https:\/\/www.caririemacao.com\/1\/2020\/06\/17\/desembargador-extingue-acao-de-partido-que-questionava-decretos-do-governo-da-paraiba-no-combate-a-covid-19\/","title":{"rendered":"Desembargador extingue a\u00e7\u00e3o de partido que questionava decretos do Governo da Para\u00edba no combate \u00e0 Covid-19"},"content":{"rendered":"\n<p>Em decis\u00e3o monocr\u00e1tica, o desembargador Jo\u00e3o Alves da Silva, do Tribunal de Justi\u00e7a da Para\u00edba, julgou extinta, sem resolu\u00e7\u00e3o do m\u00e9rito, a A\u00e7\u00e3o Direta de Inconstitucionalidade proposta pelo Partido Patriota, questionando os Decretos Estaduais que disp\u00f5em sobre as medidas tempor\u00e1rias e emergenciais de preven\u00e7\u00e3o ao cont\u00e1gio pela Covid-19. Da decis\u00e3o cabe recurso.<\/p>\n\n\n\n<p>O Partido afirmou que o teor dos atos normativos fere princ\u00edpios e garantias constitucionais de todas as dimens\u00f5es. Afirma, ainda, que os atos normativos impugnados afrontam a Constitui\u00e7\u00e3o Federal, desde os princ\u00edpios fundamentais at\u00e9 os direitos e garantias fundamentais, tais como os artigos 1\u00b0, 3\u00b0, 4\u00b0, 5\u00b0 e 6\u00b0.<\/p>\n\n\n\n<p>Na decis\u00e3o, o desembargador Jo\u00e3o Alves explicou que n\u00e3o \u00e9 da compet\u00eancia das Cortes Estaduais a aprecia\u00e7\u00e3o das normas contr\u00e1rias \u00e0 Constitui\u00e7\u00e3o Federal, mas sim de normas contr\u00e1rias \u00e0 Constitui\u00e7\u00e3o Estadual. &#8220;Nesse prisma, o par\u00e2metro para o julgamento de uma a\u00e7\u00e3o direta de inconstitucionalidade de ato normativo estadual \u00e9 a pr\u00f3pria Constitui\u00e7\u00e3o do Estado. Logo, deve a parte autora indicar, de forma expressa, os dispositivos infringidos da Constitui\u00e7\u00e3o Estadual pelo ato normativo impugnado&#8221;, frisou.<\/p>\n\n\n\n<p>O desembargador disse que apesar de a parte autora alegar ofensa a diversos direitos, em especial aqueles previstos na Constitui\u00e7\u00e3o Federal, n\u00e3o indicou nenhum dispositivo da Constitui\u00e7\u00e3o Estadual que teria sido violado. &#8220;Assim, em virtude da falta de especifica\u00e7\u00e3o dos dispositivos da Constitui\u00e7\u00e3o Estadual que teriam sido violados, \u00e9 de se concluir pela in\u00e9pcia da peti\u00e7\u00e3o apresentada&#8221;, pontuou.<\/p>\n","protected":false},"excerpt":{"rendered":"<p>Em decis\u00e3o monocr\u00e1tica, o desembargador Jo\u00e3o Alves da Silva, do Tribunal de Justi\u00e7a da Para\u00edba, julgou extinta, sem resolu\u00e7\u00e3o do m\u00e9rito, a A\u00e7\u00e3o Direta de&hellip; <\/p>\n","protected":false},"author":2,"featured_media":172509,"comment_status":"closed","ping_status":"closed","sticky":false,"template":"","format":"standard","meta":{"sfsi_plus_gutenberg_text_before_share":"","sfsi_plus_gutenberg_show_text_before_share":"","sfsi_plus_gutenberg_icon_type":"","sfsi_plus_gutenberg_icon_alignemt":"","sfsi_plus_gutenburg_max_per_row":"","footnotes":""},"categories":[2],"tags":[],"class_list":["post-174727","post","type-post","status-publish","format-standard","has-post-thumbnail","hentry","category-geral"],"_links":{"self":[{"href":"https:\/\/www.caririemacao.com\/1\/wp-json\/wp\/v2\/posts\/174727","targetHints":{"allow":["GET"]}}],"collection":[{"href":"https:\/\/www.caririemacao.com\/1\/wp-json\/wp\/v2\/posts"}],"about":[{"href":"https:\/\/www.caririemacao.com\/1\/wp-json\/wp\/v2\/types\/post"}],"author":[{"embeddable":true,"href":"https:\/\/www.caririemacao.com\/1\/wp-json\/wp\/v2\/users\/2"}],"replies":[{"embeddable":true,"href":"https:\/\/www.caririemacao.com\/1\/wp-json\/wp\/v2\/comments?post=174727"}],"version-history":[{"count":1,"href":"https:\/\/www.caririemacao.com\/1\/wp-json\/wp\/v2\/posts\/174727\/revisions"}],"predecessor-version":[{"id":174728,"href":"https:\/\/www.caririemacao.com\/1\/wp-json\/wp\/v2\/posts\/174727\/revisions\/174728"}],"wp:featuredmedia":[{"embeddable":true,"href":"https:\/\/www.caririemacao.com\/1\/wp-json\/wp\/v2\/media\/172509"}],"wp:attachment":[{"href":"https:\/\/www.caririemacao.com\/1\/wp-json\/wp\/v2\/media?parent=174727"}],"wp:term":[{"taxonomy":"category","embeddable":true,"href":"https:\/\/www.caririemacao.com\/1\/wp-json\/wp\/v2\/categories?post=174727"},{"taxonomy":"post_tag","embeddable":true,"href":"https:\/\/www.caririemacao.com\/1\/wp-json\/wp\/v2\/tags?post=174727"}],"curies":[{"name":"wp","href":"https:\/\/api.w.org\/{rel}","templated":true}]}}