{"id":174730,"date":"2020-06-17T13:39:24","date_gmt":"2020-06-17T16:39:24","guid":{"rendered":"https:\/\/www.caririemacao.com\/1\/?p=174730"},"modified":"2020-06-17T13:39:24","modified_gmt":"2020-06-17T16:39:24","slug":"ministerio-da-educacao-autoriza-aulas-remotas-em-universidades-ate-o-fim-do-ano","status":"publish","type":"post","link":"https:\/\/www.caririemacao.com\/1\/2020\/06\/17\/ministerio-da-educacao-autoriza-aulas-remotas-em-universidades-ate-o-fim-do-ano\/","title":{"rendered":"Minist\u00e9rio da Educa\u00e7\u00e3o autoriza aulas remotas em universidades at\u00e9 o fim do ano"},"content":{"rendered":"\n<p>O Minist\u00e9rio da Educa\u00e7\u00e3o (MEC) ampliou o prazo de substitui\u00e7\u00e3o das aulas presenciais por aulas remotas online em institui\u00e7\u00f5es de ensino superior at\u00e9 o dia 31 de dezembro, devido \u00e0 pandemia de covid-19. Alternativamente, as institui\u00e7\u00f5es poder\u00e3o suspender as atividades acad\u00eamicas presenciais pelo mesmo prazo.<\/p>\n\n\n\n<p>A portaria, que data dessa ter\u00e7a-feira (16), diz que ser\u00e1 de responsabilidade das institui\u00e7\u00f5es a defini\u00e7\u00e3o dos componentes curriculares que ser\u00e3o substitu\u00eddos, a disponibiliza\u00e7\u00e3o de recursos aos alunos que permitam o acompanhamento das atividades letivas ofertadas, bem como a realiza\u00e7\u00e3o de avalia\u00e7\u00f5es durante o per\u00edodo da autoriza\u00e7\u00e3o.<\/p>\n\n\n\n<p>No que se refere \u00e0s pr\u00e1ticas profissionais de est\u00e1gios ou \u00e0s pr\u00e1ticas que exijam laborat\u00f3rios especializados, a aplica\u00e7\u00e3o da substitui\u00e7\u00e3o deve obedecer \u00e0s Diretrizes Nacionais Curriculares aprovadas pelo Conselho Nacional de Educa\u00e7\u00e3o (CNE), ficando vedada a substitui\u00e7\u00e3o daqueles cursos que n\u00e3o estejam disciplinados pelo CNE.<\/p>\n\n\n\n<p>Especificamente para o curso de Medicina, fica autorizada a substitui\u00e7\u00e3o apenas \u00e0s disciplinas te\u00f3rico-cognitivas do primeiro ao quarto ano do curso e ao internato, conforme disciplinado pelo CNE.<\/p>\n\n\n\n<p>As institui\u00e7\u00f5es de ensino superior dever\u00e3o comunicar ao MEC a op\u00e7\u00e3o pela substitui\u00e7\u00e3o de atividades letivas, mediante of\u00edcio, em at\u00e9 quinze dias ap\u00f3s o in\u00edcio destas.<\/p>\n\n\n\n<p>As atividades acad\u00eamicas suspensas dever\u00e3o ser integralmente repostas, para fins de cumprimento da carga hor\u00e1ria dos cursos. As institui\u00e7\u00f5es poder\u00e3o, ainda, alterar o calend\u00e1rio de f\u00e9rias, desde que cumpram a carga hor\u00e1ria dos cursos.<\/p>\n","protected":false},"excerpt":{"rendered":"<p>O Minist\u00e9rio da Educa\u00e7\u00e3o (MEC) ampliou o prazo de substitui\u00e7\u00e3o das aulas presenciais por aulas remotas online em institui\u00e7\u00f5es de ensino superior at\u00e9 o dia&hellip; <\/p>\n","protected":false},"author":2,"featured_media":173542,"comment_status":"closed","ping_status":"closed","sticky":false,"template":"","format":"standard","meta":{"sfsi_plus_gutenberg_text_before_share":"","sfsi_plus_gutenberg_show_text_before_share":"","sfsi_plus_gutenberg_icon_type":"","sfsi_plus_gutenberg_icon_alignemt":"","sfsi_plus_gutenburg_max_per_row":"","footnotes":""},"categories":[14],"tags":[],"class_list":["post-174730","post","type-post","status-publish","format-standard","has-post-thumbnail","hentry","category-educacao"],"_links":{"self":[{"href":"https:\/\/www.caririemacao.com\/1\/wp-json\/wp\/v2\/posts\/174730","targetHints":{"allow":["GET"]}}],"collection":[{"href":"https:\/\/www.caririemacao.com\/1\/wp-json\/wp\/v2\/posts"}],"about":[{"href":"https:\/\/www.caririemacao.com\/1\/wp-json\/wp\/v2\/types\/post"}],"author":[{"embeddable":true,"href":"https:\/\/www.caririemacao.com\/1\/wp-json\/wp\/v2\/users\/2"}],"replies":[{"embeddable":true,"href":"https:\/\/www.caririemacao.com\/1\/wp-json\/wp\/v2\/comments?post=174730"}],"version-history":[{"count":1,"href":"https:\/\/www.caririemacao.com\/1\/wp-json\/wp\/v2\/posts\/174730\/revisions"}],"predecessor-version":[{"id":174731,"href":"https:\/\/www.caririemacao.com\/1\/wp-json\/wp\/v2\/posts\/174730\/revisions\/174731"}],"wp:featuredmedia":[{"embeddable":true,"href":"https:\/\/www.caririemacao.com\/1\/wp-json\/wp\/v2\/media\/173542"}],"wp:attachment":[{"href":"https:\/\/www.caririemacao.com\/1\/wp-json\/wp\/v2\/media?parent=174730"}],"wp:term":[{"taxonomy":"category","embeddable":true,"href":"https:\/\/www.caririemacao.com\/1\/wp-json\/wp\/v2\/categories?post=174730"},{"taxonomy":"post_tag","embeddable":true,"href":"https:\/\/www.caririemacao.com\/1\/wp-json\/wp\/v2\/tags?post=174730"}],"curies":[{"name":"wp","href":"https:\/\/api.w.org\/{rel}","templated":true}]}}