{"id":174733,"date":"2020-06-17T15:01:17","date_gmt":"2020-06-17T18:01:17","guid":{"rendered":"https:\/\/www.caririemacao.com\/1\/?p=174733"},"modified":"2020-06-17T15:01:17","modified_gmt":"2020-06-17T18:01:17","slug":"policia-militar-cumpre-mandado-de-prisao-na-cidade-da-prata","status":"publish","type":"post","link":"https:\/\/www.caririemacao.com\/1\/2020\/06\/17\/policia-militar-cumpre-mandado-de-prisao-na-cidade-da-prata\/","title":{"rendered":"Pol\u00edcia Militar cumpre mandado de pris\u00e3o na cidade da Prata"},"content":{"rendered":"\n<p>Policiais Militares do 11\u00ba Batalh\u00e3o cumpriram um mandado de pris\u00e3o expedido em desfavor de um acusado de 38 anos de idade, que estava sendo procurado pela justi\u00e7a. A pris\u00e3o foi realizada na ter\u00e7a-feira (16) por volta das 13h10min, na Rua Vivente Nery na cidade da Prata. Ele foi apresentado na Delegacia de Pol\u00edcia Civil, em Monteiro.<\/p>\n\n\n\n<p><\/p>\n\n\n\n<p><em>11\u00ba BPM \u2013 Batalh\u00e3o 1\u00ba SGT Ylton Sales Silva<\/em><br><em>Se\u00e7\u00e3o de Comunica\u00e7\u00e3o Social e Marketing Institucional do 11\u00ba BPM<\/em><\/p>\n","protected":false},"excerpt":{"rendered":"<p>Policiais Militares do 11\u00ba Batalh\u00e3o cumpriram um mandado de pris\u00e3o expedido em desfavor de um acusado de 38 anos de idade, que estava sendo procurado&hellip; <\/p>\n","protected":false},"author":1,"featured_media":174734,"comment_status":"closed","ping_status":"closed","sticky":false,"template":"","format":"standard","meta":{"sfsi_plus_gutenberg_text_before_share":"","sfsi_plus_gutenberg_show_text_before_share":"","sfsi_plus_gutenberg_icon_type":"","sfsi_plus_gutenberg_icon_alignemt":"","sfsi_plus_gutenburg_max_per_row":"","footnotes":""},"categories":[6,12],"tags":[],"class_list":["post-174733","post","type-post","status-publish","format-standard","has-post-thumbnail","hentry","category-cidades","category-policia"],"_links":{"self":[{"href":"https:\/\/www.caririemacao.com\/1\/wp-json\/wp\/v2\/posts\/174733","targetHints":{"allow":["GET"]}}],"collection":[{"href":"https:\/\/www.caririemacao.com\/1\/wp-json\/wp\/v2\/posts"}],"about":[{"href":"https:\/\/www.caririemacao.com\/1\/wp-json\/wp\/v2\/types\/post"}],"author":[{"embeddable":true,"href":"https:\/\/www.caririemacao.com\/1\/wp-json\/wp\/v2\/users\/1"}],"replies":[{"embeddable":true,"href":"https:\/\/www.caririemacao.com\/1\/wp-json\/wp\/v2\/comments?post=174733"}],"version-history":[{"count":1,"href":"https:\/\/www.caririemacao.com\/1\/wp-json\/wp\/v2\/posts\/174733\/revisions"}],"predecessor-version":[{"id":174735,"href":"https:\/\/www.caririemacao.com\/1\/wp-json\/wp\/v2\/posts\/174733\/revisions\/174735"}],"wp:featuredmedia":[{"embeddable":true,"href":"https:\/\/www.caririemacao.com\/1\/wp-json\/wp\/v2\/media\/174734"}],"wp:attachment":[{"href":"https:\/\/www.caririemacao.com\/1\/wp-json\/wp\/v2\/media?parent=174733"}],"wp:term":[{"taxonomy":"category","embeddable":true,"href":"https:\/\/www.caririemacao.com\/1\/wp-json\/wp\/v2\/categories?post=174733"},{"taxonomy":"post_tag","embeddable":true,"href":"https:\/\/www.caririemacao.com\/1\/wp-json\/wp\/v2\/tags?post=174733"}],"curies":[{"name":"wp","href":"https:\/\/api.w.org\/{rel}","templated":true}]}}