{"id":174740,"date":"2020-06-17T15:08:53","date_gmt":"2020-06-17T18:08:53","guid":{"rendered":"https:\/\/www.caririemacao.com\/1\/?p=174740"},"modified":"2020-06-17T15:08:53","modified_gmt":"2020-06-17T18:08:53","slug":"serra-branca-confirma-mais-5-novos-casos-de-covid-19","status":"publish","type":"post","link":"https:\/\/www.caririemacao.com\/1\/2020\/06\/17\/serra-branca-confirma-mais-5-novos-casos-de-covid-19\/","title":{"rendered":"Serra Branca confirma mais 5 novos casos de Covid-19"},"content":{"rendered":"\n<p>Em um novo boletim emitido pela Secretaria de Sa\u00fade de Serra Branca na tarde desta quarta-feira (17) foram confirmados mais cinco novos casos do novo coronav\u00edrus no munic\u00edpio.<\/p>\n\n\n\n<p>O 1 caso: Trata-se de uma crian\u00e7a, 3 anos, sexo masculino que encontra-se em isolamento domiciliar, assintom\u00e1tica (Zona rural) Local: Regi\u00e3o das serras \u2013 S\u00edtio Angico.<\/p>\n\n\n\n<p>2 caso: Trata-se de um senhor, 39 anos, que encontra-se em isolamento domiciliar, assintom\u00e1tico. (Zona rural) Local: Regi\u00e3o das serras \u2013 S\u00edtio Angico.<\/p>\n\n\n\n<p>3 caso: Trata-se de um senhor, 35 anos, que encontra-se em isolamento domiciliar, assintom\u00e1tico. (Zona rural) Local: Regi\u00e3o das serras \u2013 S\u00edtio Angico.<\/p>\n\n\n\n<p>4 caso: Trata-se de um senhora, 30 anos, que encontra-se em isolamento domiciliar, assintom\u00e1tico. (Zona rural) Local: Regi\u00e3o das serras \u2013 S\u00edtio Angico.<\/p>\n\n\n\n<p>5 caso: Trata-se de um rapaz, 17 anos, que encontra-se em isolamento domiciliar, assintom\u00e1tico. (Zona rural) Local: Regi\u00e3o das serras \u2013 S\u00edtio Angico.<\/p>\n\n\n\n<p>A Secret\u00e1ria de Sa\u00fade Monique Dantas orienta mais uma vez a popula\u00e7\u00e3o de seguir as recomenda\u00e7\u00f5es do isolamento social, uso de m\u00e1scaras e higieniza\u00e7\u00e3o das m\u00e3os com \u00e1lcool 70%<\/p>\n\n\n\n<p>O munic\u00edpio de Serra Branca chega a um total de 21 casos confirmados.<\/p>\n\n\n\n<p><strong>Para\u00edba Mix<\/strong><\/p>\n","protected":false},"excerpt":{"rendered":"<p>Em um novo boletim emitido pela Secretaria de Sa\u00fade de Serra Branca na tarde desta quarta-feira (17) foram confirmados mais cinco novos casos do novo&hellip; <\/p>\n","protected":false},"author":1,"featured_media":164007,"comment_status":"closed","ping_status":"closed","sticky":false,"template":"","format":"standard","meta":{"sfsi_plus_gutenberg_text_before_share":"","sfsi_plus_gutenberg_show_text_before_share":"","sfsi_plus_gutenberg_icon_type":"","sfsi_plus_gutenberg_icon_alignemt":"","sfsi_plus_gutenburg_max_per_row":"","footnotes":""},"categories":[6,50],"tags":[],"class_list":["post-174740","post","type-post","status-publish","format-standard","has-post-thumbnail","hentry","category-cidades","category-destaque"],"_links":{"self":[{"href":"https:\/\/www.caririemacao.com\/1\/wp-json\/wp\/v2\/posts\/174740","targetHints":{"allow":["GET"]}}],"collection":[{"href":"https:\/\/www.caririemacao.com\/1\/wp-json\/wp\/v2\/posts"}],"about":[{"href":"https:\/\/www.caririemacao.com\/1\/wp-json\/wp\/v2\/types\/post"}],"author":[{"embeddable":true,"href":"https:\/\/www.caririemacao.com\/1\/wp-json\/wp\/v2\/users\/1"}],"replies":[{"embeddable":true,"href":"https:\/\/www.caririemacao.com\/1\/wp-json\/wp\/v2\/comments?post=174740"}],"version-history":[{"count":1,"href":"https:\/\/www.caririemacao.com\/1\/wp-json\/wp\/v2\/posts\/174740\/revisions"}],"predecessor-version":[{"id":174741,"href":"https:\/\/www.caririemacao.com\/1\/wp-json\/wp\/v2\/posts\/174740\/revisions\/174741"}],"wp:featuredmedia":[{"embeddable":true,"href":"https:\/\/www.caririemacao.com\/1\/wp-json\/wp\/v2\/media\/164007"}],"wp:attachment":[{"href":"https:\/\/www.caririemacao.com\/1\/wp-json\/wp\/v2\/media?parent=174740"}],"wp:term":[{"taxonomy":"category","embeddable":true,"href":"https:\/\/www.caririemacao.com\/1\/wp-json\/wp\/v2\/categories?post=174740"},{"taxonomy":"post_tag","embeddable":true,"href":"https:\/\/www.caririemacao.com\/1\/wp-json\/wp\/v2\/tags?post=174740"}],"curies":[{"name":"wp","href":"https:\/\/api.w.org\/{rel}","templated":true}]}}