{"id":174742,"date":"2020-06-17T15:12:30","date_gmt":"2020-06-17T18:12:30","guid":{"rendered":"https:\/\/www.caririemacao.com\/1\/?p=174742"},"modified":"2020-06-17T15:12:30","modified_gmt":"2020-06-17T18:12:30","slug":"vereador-e-pre-candidato-a-prefeito-de-sao-joao-do-tigre-e-acusado-de-receber-sem-trabalhar-da-prefeitura-de-campina-grande","status":"publish","type":"post","link":"https:\/\/www.caririemacao.com\/1\/2020\/06\/17\/vereador-e-pre-candidato-a-prefeito-de-sao-joao-do-tigre-e-acusado-de-receber-sem-trabalhar-da-prefeitura-de-campina-grande\/","title":{"rendered":"Vereador e pr\u00e9-candidato a prefeito de S\u00e3o Jo\u00e3o do Tigre \u00e9 acusado de receber sem trabalhar da Prefeitura de Campina Grande"},"content":{"rendered":"\n<p>Em S\u00e3o Jo\u00e3o do Tigre, \u00e9 grande a repercuss\u00e3o envolvendo o vereador e pr\u00e9-candidato a prefeito pela oposi\u00e7\u00e3o, Ygor Queiroz. O parlamentar \u00e9 servidor efetivo da Prefeitura de Campina Grande e mesmo ocupando um cargo eletivo em S\u00e3o Jo\u00e3o do Tigre desde 2013, manteve-se pela maior parte do tempo lotado como funcion\u00e1rio da Prefeitura de Campina Grande e recebendo sal\u00e1rios provavelmente sem prestar expediente.<\/p>\n\n\n\n<p>As informa\u00e7\u00f5es foram colhidas junto ao SAGRES do TCE-PB e mostram que de 2013 para c\u00e1, o vereador Ygor Queiroz manteve-se recebendo seus ordenados pela maior parte dos meses de cada ano, conseguindo licen\u00e7a apenas de 2014 a 2016.<\/p>\n\n\n\n<p>Ygor foi presidente da C\u00e2mara de 2013 a 2016 e neste per\u00edodo, com seu sal\u00e1rio ampliado pelo cargo que exercia, chegou a receber licen\u00e7a da Prefeitura de Campina Grande. O vereador perdeu a presid\u00eancia do Legislativo tigrense e voltou a figurar como funcion\u00e1rio campinense de 2017 a 2019, mesmo residindo em S\u00e3o Jo\u00e3o do Tigre, distante h\u00e1 mais de 200 quil\u00f4metros de Campina Grande.<\/p>\n\n\n\n<p>N\u00e3o h\u00e1 quem diga em S\u00e3o Jo\u00e3o do Tigre que o vereador tenha passado a residir ou a se deslocar diariamente para Campina Grande para prestar servi\u00e7os junto a edilidade, o que aponta para uma irregularidade em suas fun\u00e7\u00f5es de Assistente Administrativo, cargo em que estava lotado na Prefeitura da Rainha da Borborema.<\/p>\n\n\n\n<p>A reda\u00e7\u00e3o do portal De Olho no Cariri n\u00e3o conseguiu contato com o vereador denunciado para prestar sua vers\u00e3o e buscando suas redes sociais, o mesmo n\u00e3o se defendeu mesmo j\u00e1 tendo conhecimento do teor da den\u00fancia por outros ve\u00edculos de comunica\u00e7\u00e3o.<\/p>\n\n\n\n<p>Com De Olho no Cariri<\/p>\n","protected":false},"excerpt":{"rendered":"<p>Em S\u00e3o Jo\u00e3o do Tigre, \u00e9 grande a repercuss\u00e3o envolvendo o vereador e pr\u00e9-candidato a prefeito pela oposi\u00e7\u00e3o, Ygor Queiroz. O parlamentar \u00e9 servidor efetivo&hellip; <\/p>\n","protected":false},"author":1,"featured_media":174743,"comment_status":"closed","ping_status":"closed","sticky":false,"template":"","format":"standard","meta":{"sfsi_plus_gutenberg_text_before_share":"","sfsi_plus_gutenberg_show_text_before_share":"","sfsi_plus_gutenberg_icon_type":"","sfsi_plus_gutenberg_icon_alignemt":"","sfsi_plus_gutenburg_max_per_row":"","footnotes":""},"categories":[6,11],"tags":[],"class_list":["post-174742","post","type-post","status-publish","format-standard","has-post-thumbnail","hentry","category-cidades","category-politica"],"_links":{"self":[{"href":"https:\/\/www.caririemacao.com\/1\/wp-json\/wp\/v2\/posts\/174742","targetHints":{"allow":["GET"]}}],"collection":[{"href":"https:\/\/www.caririemacao.com\/1\/wp-json\/wp\/v2\/posts"}],"about":[{"href":"https:\/\/www.caririemacao.com\/1\/wp-json\/wp\/v2\/types\/post"}],"author":[{"embeddable":true,"href":"https:\/\/www.caririemacao.com\/1\/wp-json\/wp\/v2\/users\/1"}],"replies":[{"embeddable":true,"href":"https:\/\/www.caririemacao.com\/1\/wp-json\/wp\/v2\/comments?post=174742"}],"version-history":[{"count":1,"href":"https:\/\/www.caririemacao.com\/1\/wp-json\/wp\/v2\/posts\/174742\/revisions"}],"predecessor-version":[{"id":174744,"href":"https:\/\/www.caririemacao.com\/1\/wp-json\/wp\/v2\/posts\/174742\/revisions\/174744"}],"wp:featuredmedia":[{"embeddable":true,"href":"https:\/\/www.caririemacao.com\/1\/wp-json\/wp\/v2\/media\/174743"}],"wp:attachment":[{"href":"https:\/\/www.caririemacao.com\/1\/wp-json\/wp\/v2\/media?parent=174742"}],"wp:term":[{"taxonomy":"category","embeddable":true,"href":"https:\/\/www.caririemacao.com\/1\/wp-json\/wp\/v2\/categories?post=174742"},{"taxonomy":"post_tag","embeddable":true,"href":"https:\/\/www.caririemacao.com\/1\/wp-json\/wp\/v2\/tags?post=174742"}],"curies":[{"name":"wp","href":"https:\/\/api.w.org\/{rel}","templated":true}]}}