{"id":174748,"date":"2020-06-17T15:27:27","date_gmt":"2020-06-17T18:27:27","guid":{"rendered":"https:\/\/www.caririemacao.com\/1\/?p=174748"},"modified":"2020-06-17T15:27:27","modified_gmt":"2020-06-17T18:27:27","slug":"assistencia-social-de-amparo-visita-idosos-do-grupo-da-melhor-idade-e-distribui-kits-com-mascara-alcool-em-gel-e-sabonete-liquido","status":"publish","type":"post","link":"https:\/\/www.caririemacao.com\/1\/2020\/06\/17\/assistencia-social-de-amparo-visita-idosos-do-grupo-da-melhor-idade-e-distribui-kits-com-mascara-alcool-em-gel-e-sabonete-liquido\/","title":{"rendered":"Assist\u00eancia Social de Amparo visita idosos do Grupo da Melhor Idade e distribui kits com m\u00e1scara, \u00e1lcool em gel e sabonete l\u00edquido"},"content":{"rendered":"\n<p>A Secretaria de Assist\u00eancia Social de Amparo esteve realizando um momento muito especial na manh\u00e3 esta quarta-feira (17), devido ao isolamento social por conta da pandemia do Coronav\u00edrus, a equipe da secretaria levou um pouco de alegria para os idosos que fazer parte do grupo da Melhor Idade.<\/p>\n\n\n\n<p><br>A Psic\u00f3loga Dr\u00aa Bruna, a Assistente Social Cilene Macedo e as funcion\u00e1rias do CRAS Gislene e Neide foram \u00e0s casas dos idosos levando um pouco de musica, claro, mantendo sempre o distanciamento exigido pelo Minist\u00e9rio da Sa\u00fade.<br>Tamb\u00e9m foi distribu\u00eddo para cada idoso que faz parte do grupo da melhor idade, um kit contendo uma m\u00e1scara, um recipiente com \u00e1lcool em gel e outro com sabonete l\u00edquido, para que os idosos possam se cuidar mais durante essa pandemia.<\/p>\n\n\n\n<p><br>Com AMPARO LIGADO<\/p>\n","protected":false},"excerpt":{"rendered":"<p>A Secretaria de Assist\u00eancia Social de Amparo esteve realizando um momento muito especial na manh\u00e3 esta quarta-feira (17), devido ao isolamento social por conta da&hellip; <\/p>\n","protected":false},"author":1,"featured_media":174749,"comment_status":"closed","ping_status":"closed","sticky":false,"template":"","format":"standard","meta":{"sfsi_plus_gutenberg_text_before_share":"","sfsi_plus_gutenberg_show_text_before_share":"","sfsi_plus_gutenberg_icon_type":"","sfsi_plus_gutenberg_icon_alignemt":"","sfsi_plus_gutenburg_max_per_row":"","footnotes":""},"categories":[6,50],"tags":[],"class_list":["post-174748","post","type-post","status-publish","format-standard","has-post-thumbnail","hentry","category-cidades","category-destaque"],"_links":{"self":[{"href":"https:\/\/www.caririemacao.com\/1\/wp-json\/wp\/v2\/posts\/174748","targetHints":{"allow":["GET"]}}],"collection":[{"href":"https:\/\/www.caririemacao.com\/1\/wp-json\/wp\/v2\/posts"}],"about":[{"href":"https:\/\/www.caririemacao.com\/1\/wp-json\/wp\/v2\/types\/post"}],"author":[{"embeddable":true,"href":"https:\/\/www.caririemacao.com\/1\/wp-json\/wp\/v2\/users\/1"}],"replies":[{"embeddable":true,"href":"https:\/\/www.caririemacao.com\/1\/wp-json\/wp\/v2\/comments?post=174748"}],"version-history":[{"count":1,"href":"https:\/\/www.caririemacao.com\/1\/wp-json\/wp\/v2\/posts\/174748\/revisions"}],"predecessor-version":[{"id":174750,"href":"https:\/\/www.caririemacao.com\/1\/wp-json\/wp\/v2\/posts\/174748\/revisions\/174750"}],"wp:featuredmedia":[{"embeddable":true,"href":"https:\/\/www.caririemacao.com\/1\/wp-json\/wp\/v2\/media\/174749"}],"wp:attachment":[{"href":"https:\/\/www.caririemacao.com\/1\/wp-json\/wp\/v2\/media?parent=174748"}],"wp:term":[{"taxonomy":"category","embeddable":true,"href":"https:\/\/www.caririemacao.com\/1\/wp-json\/wp\/v2\/categories?post=174748"},{"taxonomy":"post_tag","embeddable":true,"href":"https:\/\/www.caririemacao.com\/1\/wp-json\/wp\/v2\/tags?post=174748"}],"curies":[{"name":"wp","href":"https:\/\/api.w.org\/{rel}","templated":true}]}}