{"id":174751,"date":"2020-06-17T21:40:18","date_gmt":"2020-06-18T00:40:18","guid":{"rendered":"https:\/\/www.caririemacao.com\/1\/?p=174751"},"modified":"2020-06-17T21:40:18","modified_gmt":"2020-06-18T00:40:18","slug":"policia-militar-apreende-armas-durante-operacao-na-cidade-do-congo","status":"publish","type":"post","link":"https:\/\/www.caririemacao.com\/1\/2020\/06\/17\/policia-militar-apreende-armas-durante-operacao-na-cidade-do-congo\/","title":{"rendered":"Pol\u00edcia Militar apreende armas durante opera\u00e7\u00e3o na cidade do Congo"},"content":{"rendered":"\n<p>A Pol\u00edcia Militar apreendeu dez armas de fogo em a\u00e7\u00e3o realizada na quarta-feira (17), no s\u00edtio Salinas no munic\u00edpio do Congo-PB.<\/p>\n\n\n\n<p>Por volta 15h30min, policiais do 11\u00ba Batalh\u00e3o receberam uma den\u00fancia de que em um bar na zona rural da cidade do Congo-PB, estaria com uma grande aglomera\u00e7\u00e3o de pessoas sem mascaras de preven\u00e7\u00e3o e em desacordo com as medidas de preven\u00e7\u00e3o.<\/p>\n\n\n\n<p>Os policias ao chegarem no local (bar), foram conversar com a propriet\u00e1ria de 32 anos de idade, sobre as medidas de preven\u00e7\u00e3o, quando avistaram dentro de sua resid\u00eancia, uma espingarda. <\/p>\n\n\n\n<p>A propriet\u00e1ria autorizou a entrada dos policiais que acharam mais tr\u00eas armas de fogo em um quarto. Perguntado se havia mais armas, a mesma disse que seu sogro tinha outras armas em uma casa em frente ao bar. Os policiais ao se deslocarem at\u00e9 o local mencionado, viram um homem saindo correndo pelos fundos da resid\u00eancia carregando tr\u00eas espingardas, o mesmo foi detido e mais outras tr\u00eas espingardas foram encontradas dentro da casa.<\/p>\n\n\n\n<p>Um total de dez armas de fogo foram apreendidas e os dois acusados foram levados para a Delegacia de Pol\u00edcia, em Monteiro.<\/p>\n\n\n\n<p><em>11\u00ba BPM \u2013 Batalh\u00e3o 1\u00ba SGT Ylton Sales Silva<\/em><br><em>Se\u00e7\u00e3o de Comunica\u00e7\u00e3o Social e Marketing Institucional do 11\u00ba BPM<\/em><\/p>\n","protected":false},"excerpt":{"rendered":"<p>A Pol\u00edcia Militar apreendeu dez armas de fogo em a\u00e7\u00e3o realizada na quarta-feira (17), no s\u00edtio Salinas no munic\u00edpio do Congo-PB. Por volta 15h30min, policiais&hellip; <\/p>\n","protected":false},"author":1,"featured_media":174752,"comment_status":"closed","ping_status":"closed","sticky":false,"template":"","format":"standard","meta":{"sfsi_plus_gutenberg_text_before_share":"","sfsi_plus_gutenberg_show_text_before_share":"","sfsi_plus_gutenberg_icon_type":"","sfsi_plus_gutenberg_icon_alignemt":"","sfsi_plus_gutenburg_max_per_row":"","footnotes":""},"categories":[50,12],"tags":[],"class_list":["post-174751","post","type-post","status-publish","format-standard","has-post-thumbnail","hentry","category-destaque","category-policia"],"_links":{"self":[{"href":"https:\/\/www.caririemacao.com\/1\/wp-json\/wp\/v2\/posts\/174751","targetHints":{"allow":["GET"]}}],"collection":[{"href":"https:\/\/www.caririemacao.com\/1\/wp-json\/wp\/v2\/posts"}],"about":[{"href":"https:\/\/www.caririemacao.com\/1\/wp-json\/wp\/v2\/types\/post"}],"author":[{"embeddable":true,"href":"https:\/\/www.caririemacao.com\/1\/wp-json\/wp\/v2\/users\/1"}],"replies":[{"embeddable":true,"href":"https:\/\/www.caririemacao.com\/1\/wp-json\/wp\/v2\/comments?post=174751"}],"version-history":[{"count":1,"href":"https:\/\/www.caririemacao.com\/1\/wp-json\/wp\/v2\/posts\/174751\/revisions"}],"predecessor-version":[{"id":174753,"href":"https:\/\/www.caririemacao.com\/1\/wp-json\/wp\/v2\/posts\/174751\/revisions\/174753"}],"wp:featuredmedia":[{"embeddable":true,"href":"https:\/\/www.caririemacao.com\/1\/wp-json\/wp\/v2\/media\/174752"}],"wp:attachment":[{"href":"https:\/\/www.caririemacao.com\/1\/wp-json\/wp\/v2\/media?parent=174751"}],"wp:term":[{"taxonomy":"category","embeddable":true,"href":"https:\/\/www.caririemacao.com\/1\/wp-json\/wp\/v2\/categories?post=174751"},{"taxonomy":"post_tag","embeddable":true,"href":"https:\/\/www.caririemacao.com\/1\/wp-json\/wp\/v2\/tags?post=174751"}],"curies":[{"name":"wp","href":"https:\/\/api.w.org\/{rel}","templated":true}]}}