{"id":174754,"date":"2020-06-17T21:45:33","date_gmt":"2020-06-18T00:45:33","guid":{"rendered":"https:\/\/www.caririemacao.com\/1\/?p=174754"},"modified":"2020-06-17T21:45:33","modified_gmt":"2020-06-18T00:45:33","slug":"prefeitura-de-monteiro-cria-centro-municipal-de-referencia-no-combate-ao-coronavirus","status":"publish","type":"post","link":"https:\/\/www.caririemacao.com\/1\/2020\/06\/17\/prefeitura-de-monteiro-cria-centro-municipal-de-referencia-no-combate-ao-coronavirus\/","title":{"rendered":"Prefeitura de Monteiro cria centro municipal  de refer\u00eancia no combate ao coronav\u00edrus"},"content":{"rendered":"\n<p>&nbsp;Prefeitura Municipal&nbsp; de Monteiro implantou um Centro de Refer\u00eancia em atendimento \u00e0s pessoas que contra\u00edram o Coronav\u00edrus, a\u00e7\u00e3o pioneira na regi\u00e3o do Cariri e na verdade em todo o estado.<\/p>\n\n\n\n<p>De acordo com a secretaria de Sa\u00fade Ana Paula, o Centro foi pensado pela gestora Anna Lorena e montado no pr\u00e9dio onde funcionava o CEMED, sendo que este \u00faltimo dever\u00e1 ser remanejado para outro local.<\/p>\n\n\n\n<p>A equipe conta com um m\u00e9dico,\u00a0 um enfermeiro, e dois t\u00e9cnicos de enfermagem que est\u00e3o \u00e0 disposi\u00e7\u00e3o para atender pessoas cujos testes s\u00e3o positivados para o COVID-19.A cria\u00e7\u00e3o do Centro de Refer\u00eancia em COVID-19 \u00e9 regulamentada por portaria que j\u00e1 foi publicada pelo Minist\u00e9rio da Sa\u00fade, o que autoriza o seu funcionamento e referenciando o trabalho da gest\u00e3o municipal que n\u00e3o tem medido esfor\u00e7os com a\u00e7\u00f5es pioneiras e de vanguarda no combate \u00e0 pandemia.<\/p>\n","protected":false},"excerpt":{"rendered":"<p>&nbsp;Prefeitura Municipal&nbsp; de Monteiro implantou um Centro de Refer\u00eancia em atendimento \u00e0s pessoas que contra\u00edram o Coronav\u00edrus, a\u00e7\u00e3o pioneira na regi\u00e3o do Cariri e na&hellip; <\/p>\n","protected":false},"author":1,"featured_media":174755,"comment_status":"closed","ping_status":"closed","sticky":false,"template":"","format":"standard","meta":{"sfsi_plus_gutenberg_text_before_share":"","sfsi_plus_gutenberg_show_text_before_share":"","sfsi_plus_gutenberg_icon_type":"","sfsi_plus_gutenberg_icon_alignemt":"","sfsi_plus_gutenburg_max_per_row":"","footnotes":""},"categories":[6,50,16],"tags":[],"class_list":["post-174754","post","type-post","status-publish","format-standard","has-post-thumbnail","hentry","category-cidades","category-destaque","category-saude"],"_links":{"self":[{"href":"https:\/\/www.caririemacao.com\/1\/wp-json\/wp\/v2\/posts\/174754","targetHints":{"allow":["GET"]}}],"collection":[{"href":"https:\/\/www.caririemacao.com\/1\/wp-json\/wp\/v2\/posts"}],"about":[{"href":"https:\/\/www.caririemacao.com\/1\/wp-json\/wp\/v2\/types\/post"}],"author":[{"embeddable":true,"href":"https:\/\/www.caririemacao.com\/1\/wp-json\/wp\/v2\/users\/1"}],"replies":[{"embeddable":true,"href":"https:\/\/www.caririemacao.com\/1\/wp-json\/wp\/v2\/comments?post=174754"}],"version-history":[{"count":1,"href":"https:\/\/www.caririemacao.com\/1\/wp-json\/wp\/v2\/posts\/174754\/revisions"}],"predecessor-version":[{"id":174756,"href":"https:\/\/www.caririemacao.com\/1\/wp-json\/wp\/v2\/posts\/174754\/revisions\/174756"}],"wp:featuredmedia":[{"embeddable":true,"href":"https:\/\/www.caririemacao.com\/1\/wp-json\/wp\/v2\/media\/174755"}],"wp:attachment":[{"href":"https:\/\/www.caririemacao.com\/1\/wp-json\/wp\/v2\/media?parent=174754"}],"wp:term":[{"taxonomy":"category","embeddable":true,"href":"https:\/\/www.caririemacao.com\/1\/wp-json\/wp\/v2\/categories?post=174754"},{"taxonomy":"post_tag","embeddable":true,"href":"https:\/\/www.caririemacao.com\/1\/wp-json\/wp\/v2\/tags?post=174754"}],"curies":[{"name":"wp","href":"https:\/\/api.w.org\/{rel}","templated":true}]}}