{"id":174757,"date":"2020-06-17T21:48:17","date_gmt":"2020-06-18T00:48:17","guid":{"rendered":"https:\/\/www.caririemacao.com\/1\/?p=174757"},"modified":"2020-06-17T21:48:17","modified_gmt":"2020-06-18T00:48:17","slug":"monteiro-confirma-4-novos-casos-de-covid-19-e-24-casos-recuperados","status":"publish","type":"post","link":"https:\/\/www.caririemacao.com\/1\/2020\/06\/17\/monteiro-confirma-4-novos-casos-de-covid-19-e-24-casos-recuperados\/","title":{"rendered":"Monteiro confirma 4 novos casos de Covid-19 e 24 casos recuperados"},"content":{"rendered":"\n<p>Nota Informativa\u00a0<br>Atualizada em 17\/06\/2020<\/p>\n\n\n\n<p><br>A Secretaria Municipal de Sa\u00fade de Monteiro informa que nesta quarta-feira, 17, tivemos mais 04\u00a0 novos casos CONFIRMADOS para Covid-19.<\/p>\n\n\n\n<p><br>Paciente, com 26 anos, sexo masculino e mais tr\u00eas\u00a0pacientes de 23, 44 e 53 anos do sexo feminino.Todos estao sendo monitorados pela equipe de Vigil\u00e2ncia em Sa\u00fade e permanecem em isolamento domiciliar.<\/p>\n\n\n\n<p><br>At\u00e9 esta data atestamos que foram registrados 24 casos RECUPERADOS.<\/p>\n\n\n\n<p><br>Refor\u00e7amos a import\u00e2ncia de toda popula\u00e7\u00e3o seguir as orienta\u00e7\u00f5es do distanciamento social, o uso de m\u00e1scaras, a higieniza\u00e7\u00e3o das m\u00e3os e objetos com \u00e1lcool 70% e demais medidas apresentadas pela Secretaria de Sa\u00fade. <\/p>\n","protected":false},"excerpt":{"rendered":"<p>Nota Informativa\u00a0Atualizada em 17\/06\/2020 A Secretaria Municipal de Sa\u00fade de Monteiro informa que nesta quarta-feira, 17, tivemos mais 04\u00a0 novos casos CONFIRMADOS para Covid-19. Paciente,&hellip; <\/p>\n","protected":false},"author":1,"featured_media":174758,"comment_status":"closed","ping_status":"closed","sticky":false,"template":"","format":"standard","meta":{"sfsi_plus_gutenberg_text_before_share":"","sfsi_plus_gutenberg_show_text_before_share":"","sfsi_plus_gutenberg_icon_type":"","sfsi_plus_gutenberg_icon_alignemt":"","sfsi_plus_gutenburg_max_per_row":"","footnotes":""},"categories":[6,50],"tags":[],"class_list":["post-174757","post","type-post","status-publish","format-standard","has-post-thumbnail","hentry","category-cidades","category-destaque"],"_links":{"self":[{"href":"https:\/\/www.caririemacao.com\/1\/wp-json\/wp\/v2\/posts\/174757","targetHints":{"allow":["GET"]}}],"collection":[{"href":"https:\/\/www.caririemacao.com\/1\/wp-json\/wp\/v2\/posts"}],"about":[{"href":"https:\/\/www.caririemacao.com\/1\/wp-json\/wp\/v2\/types\/post"}],"author":[{"embeddable":true,"href":"https:\/\/www.caririemacao.com\/1\/wp-json\/wp\/v2\/users\/1"}],"replies":[{"embeddable":true,"href":"https:\/\/www.caririemacao.com\/1\/wp-json\/wp\/v2\/comments?post=174757"}],"version-history":[{"count":1,"href":"https:\/\/www.caririemacao.com\/1\/wp-json\/wp\/v2\/posts\/174757\/revisions"}],"predecessor-version":[{"id":174759,"href":"https:\/\/www.caririemacao.com\/1\/wp-json\/wp\/v2\/posts\/174757\/revisions\/174759"}],"wp:featuredmedia":[{"embeddable":true,"href":"https:\/\/www.caririemacao.com\/1\/wp-json\/wp\/v2\/media\/174758"}],"wp:attachment":[{"href":"https:\/\/www.caririemacao.com\/1\/wp-json\/wp\/v2\/media?parent=174757"}],"wp:term":[{"taxonomy":"category","embeddable":true,"href":"https:\/\/www.caririemacao.com\/1\/wp-json\/wp\/v2\/categories?post=174757"},{"taxonomy":"post_tag","embeddable":true,"href":"https:\/\/www.caririemacao.com\/1\/wp-json\/wp\/v2\/tags?post=174757"}],"curies":[{"name":"wp","href":"https:\/\/api.w.org\/{rel}","templated":true}]}}