{"id":174770,"date":"2020-06-18T06:07:38","date_gmt":"2020-06-18T09:07:38","guid":{"rendered":"https:\/\/www.caririemacao.com\/1\/?p=174770"},"modified":"2020-06-18T06:07:38","modified_gmt":"2020-06-18T09:07:38","slug":"inss-governo-federal-prorroga-vencimento-das-contribuicoes-de-junho","status":"publish","type":"post","link":"https:\/\/www.caririemacao.com\/1\/2020\/06\/18\/inss-governo-federal-prorroga-vencimento-das-contribuicoes-de-junho\/","title":{"rendered":"INSS: governo federal prorroga vencimento das contribui\u00e7\u00f5es de junho"},"content":{"rendered":"\n<h1 class=\"wp-block-heading\"><\/h1>\n\n\n\n<p>A portaria foi publicada pelo Minist\u00e9rio da Economia no Di\u00e1rio Oficial da Uni\u00e3o e integra o conjunto de medidas do governo no enfrentamento \u00e0 crise econ\u00f4mica causada pela pandemia do coronav\u00edrus.<\/p>\n\n\n\n<p>A publica\u00e7\u00e3o prorroga o recolhimento do INSS feito por empresas e por empregadores dom\u00e9sticos. As parcelas com vencimento em junho dever\u00e3o ser pagas em novembro.<\/p>\n\n\n\n<p>No m\u00eas passado, a pasta havia adiado os pagamentos de abril e maio para agosto e outubro.<\/p>\n\n\n\n<p>Com isso, nos meses para os quais as parcelas foram adiadas, os contribuintes dever\u00e3o fazer o pagamento de dois meses ao mesmo tempo.<\/p>\n\n\n\n<p>Na mesma portaria ficou definido ainda o adiamento no recolhimento de PIS e Cofins para o per\u00edodo equivalente. Os vencimentos de mar\u00e7o e abril tamb\u00e9m j\u00e1 haviam sido adiados.<\/p>\n\n\n\n<p>O recolhimento do INSS feito por empresas \u00e9 de 20% sobre o total das remunera\u00e7\u00f5es. O valor descontado dos empregados varia de 7,5% a 14%, de acordo com o valor do sal\u00e1rio.<\/p>\n\n\n\n<p>Al\u00e9m do adiamento no pagamento do INSS, o governo j\u00e1 autorizou as empresas a postergarem o recolhimento do FGTS (Fundo de Garantia do Tempo de Servi\u00e7o).<\/p>\n","protected":false},"excerpt":{"rendered":"<p>A portaria foi publicada pelo Minist\u00e9rio da Economia no Di\u00e1rio Oficial da Uni\u00e3o e integra o conjunto de medidas do governo no enfrentamento \u00e0 crise&hellip; <\/p>\n","protected":false},"author":2,"featured_media":174771,"comment_status":"closed","ping_status":"closed","sticky":false,"template":"","format":"standard","meta":{"sfsi_plus_gutenberg_text_before_share":"","sfsi_plus_gutenberg_show_text_before_share":"","sfsi_plus_gutenberg_icon_type":"","sfsi_plus_gutenberg_icon_alignemt":"","sfsi_plus_gutenburg_max_per_row":"","footnotes":""},"categories":[2],"tags":[],"class_list":["post-174770","post","type-post","status-publish","format-standard","has-post-thumbnail","hentry","category-geral"],"_links":{"self":[{"href":"https:\/\/www.caririemacao.com\/1\/wp-json\/wp\/v2\/posts\/174770","targetHints":{"allow":["GET"]}}],"collection":[{"href":"https:\/\/www.caririemacao.com\/1\/wp-json\/wp\/v2\/posts"}],"about":[{"href":"https:\/\/www.caririemacao.com\/1\/wp-json\/wp\/v2\/types\/post"}],"author":[{"embeddable":true,"href":"https:\/\/www.caririemacao.com\/1\/wp-json\/wp\/v2\/users\/2"}],"replies":[{"embeddable":true,"href":"https:\/\/www.caririemacao.com\/1\/wp-json\/wp\/v2\/comments?post=174770"}],"version-history":[{"count":1,"href":"https:\/\/www.caririemacao.com\/1\/wp-json\/wp\/v2\/posts\/174770\/revisions"}],"predecessor-version":[{"id":174772,"href":"https:\/\/www.caririemacao.com\/1\/wp-json\/wp\/v2\/posts\/174770\/revisions\/174772"}],"wp:featuredmedia":[{"embeddable":true,"href":"https:\/\/www.caririemacao.com\/1\/wp-json\/wp\/v2\/media\/174771"}],"wp:attachment":[{"href":"https:\/\/www.caririemacao.com\/1\/wp-json\/wp\/v2\/media?parent=174770"}],"wp:term":[{"taxonomy":"category","embeddable":true,"href":"https:\/\/www.caririemacao.com\/1\/wp-json\/wp\/v2\/categories?post=174770"},{"taxonomy":"post_tag","embeddable":true,"href":"https:\/\/www.caririemacao.com\/1\/wp-json\/wp\/v2\/tags?post=174770"}],"curies":[{"name":"wp","href":"https:\/\/api.w.org\/{rel}","templated":true}]}}