{"id":174774,"date":"2020-06-18T06:13:14","date_gmt":"2020-06-18T09:13:14","guid":{"rendered":"https:\/\/www.caririemacao.com\/1\/?p=174774"},"modified":"2020-06-18T06:13:14","modified_gmt":"2020-06-18T09:13:14","slug":"federacao-volta-a-se-reunir-com-clubes-para-definir-volta-do-paraibano-2020","status":"publish","type":"post","link":"https:\/\/www.caririemacao.com\/1\/2020\/06\/18\/federacao-volta-a-se-reunir-com-clubes-para-definir-volta-do-paraibano-2020\/","title":{"rendered":"Federa\u00e7\u00e3o volta a se reunir com clubes para definir volta do Paraibano-2020"},"content":{"rendered":"\n<h1 class=\"wp-block-heading\"><\/h1>\n\n\n\n<p>A volta do futebol paraibano, que foi paralisado por conta da pandemia da Covid-19, deve acontecer em breve. Pelo menos, \u00e9 o que est\u00e1 se desenhando, ap\u00f3s a libera\u00e7\u00e3o dos treinos por parte do governo do Estado.<\/p>\n\n\n\n<p>Para definir a volta do Paraibano-2020, a Federa\u00e7\u00e3o Paraibana de Futebol (FPF) convocou os 10 clubes para uma reuni\u00e3o nesta quinta-feira onde ser\u00e1 debatido o retorno dos jogos. A reuni\u00e3o presencial est\u00e1 agendada para as 15h, na sede da FPF.<\/p>\n\n\n\n<p>Em pauta est\u00e3o a apresenta\u00e7\u00e3o do Plano de A\u00e7\u00e3o para a retomada do futebol no estado, j\u00e1 com o prov\u00e1vel agendamento de datas para as partidas, e tamb\u00e9m da estrat\u00e9gia para que todos os clubes fa\u00e7am os testes da Covid-19.<\/p>\n\n\n\n<p>Ainda na reuni\u00e3o desta quinta, ser\u00e1 debatido as datas para as rodadas finais do Campeonato Paraibano. A competi\u00e7\u00e3o estadual foi paralisada h\u00e1 quase tr\u00eas meses e precisa ainda de pelo menos sete datas para ser encerrada.<\/p>\n\n\n\n<p>O diretor executivo da FPF, Otamar Almeida, explicou que todos os clubes j\u00e1 foram convocados para a reuni\u00e3o da quinta-feira, e a tend\u00eancia \u00e9 que algumas delibera\u00e7\u00f5es sobre o retorno do Paraibano j\u00e1 sejam feitas nesse encontro.<\/p>\n\n\n\n<p>Principal questionamento dos clubes at\u00e9 o momento, a estrat\u00e9gia para que todos os envolvidos nesse retorno fa\u00e7am os exames da Covid-19 vai ser abordada na reuni\u00e3o.<\/p>\n\n\n\n<p>Sobre os testes da Covid-19, a FPF j\u00e1 vem trabalhando numa solu\u00e7\u00e3o que, por ora, ainda \u00e9 sigilosa, mas que vai ser apresentada aos clubes nesse encontro.<\/p>\n\n\n\n<p>O Protocolo M\u00e9dico e o Plano de A\u00e7\u00e3o para a retomada do futebol \u2013 documentos que j\u00e1 foram enviados ao Governo do Estado e \u00e0s secretarias estaduais de Sa\u00fade e Esportes \u2013 v\u00e3o ser tamb\u00e9m apresentados aos clubes nessa reuni\u00e3o.<\/p>\n\n\n\n<p>\u201cVamos apresentar nessa reuni\u00e3o. Tudo isso est\u00e1 dentro do plano de a\u00e7\u00e3o de retomada do campeonato\u201d, explicou Otamar.<\/p>\n\n\n\n<p>J\u00e1 com rela\u00e7\u00e3o ao cronograma, a FPF pretende elaborar junto com os clubes, dialogando sobre datas e condi\u00e7\u00f5es de cada agremia\u00e7\u00e3o. Apesar de alguns munic\u00edpios j\u00e1 terem definido seus cronogramas de retomada, nenhum time voltou aos treinos.<\/p>\n\n\n\n<p>O Campeonato Paraibano foi paralisado no dia 19 de mar\u00e7o, quando ainda restavam duas rodadas completas da primeira fase \u2013 al\u00e9m de um jogo isolado da rodada 8 -, as duas semifinais e as partidas da decis\u00e3o.<\/p>\n","protected":false},"excerpt":{"rendered":"<p>A volta do futebol paraibano, que foi paralisado por conta da pandemia da Covid-19, deve acontecer em breve. Pelo menos, \u00e9 o que est\u00e1 se&hellip; <\/p>\n","protected":false},"author":2,"featured_media":174775,"comment_status":"closed","ping_status":"closed","sticky":false,"template":"","format":"standard","meta":{"sfsi_plus_gutenberg_text_before_share":"","sfsi_plus_gutenberg_show_text_before_share":"","sfsi_plus_gutenberg_icon_type":"","sfsi_plus_gutenberg_icon_alignemt":"","sfsi_plus_gutenburg_max_per_row":"","footnotes":""},"categories":[2],"tags":[],"class_list":["post-174774","post","type-post","status-publish","format-standard","has-post-thumbnail","hentry","category-geral"],"_links":{"self":[{"href":"https:\/\/www.caririemacao.com\/1\/wp-json\/wp\/v2\/posts\/174774","targetHints":{"allow":["GET"]}}],"collection":[{"href":"https:\/\/www.caririemacao.com\/1\/wp-json\/wp\/v2\/posts"}],"about":[{"href":"https:\/\/www.caririemacao.com\/1\/wp-json\/wp\/v2\/types\/post"}],"author":[{"embeddable":true,"href":"https:\/\/www.caririemacao.com\/1\/wp-json\/wp\/v2\/users\/2"}],"replies":[{"embeddable":true,"href":"https:\/\/www.caririemacao.com\/1\/wp-json\/wp\/v2\/comments?post=174774"}],"version-history":[{"count":1,"href":"https:\/\/www.caririemacao.com\/1\/wp-json\/wp\/v2\/posts\/174774\/revisions"}],"predecessor-version":[{"id":174776,"href":"https:\/\/www.caririemacao.com\/1\/wp-json\/wp\/v2\/posts\/174774\/revisions\/174776"}],"wp:featuredmedia":[{"embeddable":true,"href":"https:\/\/www.caririemacao.com\/1\/wp-json\/wp\/v2\/media\/174775"}],"wp:attachment":[{"href":"https:\/\/www.caririemacao.com\/1\/wp-json\/wp\/v2\/media?parent=174774"}],"wp:term":[{"taxonomy":"category","embeddable":true,"href":"https:\/\/www.caririemacao.com\/1\/wp-json\/wp\/v2\/categories?post=174774"},{"taxonomy":"post_tag","embeddable":true,"href":"https:\/\/www.caririemacao.com\/1\/wp-json\/wp\/v2\/tags?post=174774"}],"curies":[{"name":"wp","href":"https:\/\/api.w.org\/{rel}","templated":true}]}}