{"id":174778,"date":"2020-06-18T06:15:38","date_gmt":"2020-06-18T09:15:38","guid":{"rendered":"https:\/\/www.caririemacao.com\/1\/?p=174778"},"modified":"2020-06-18T06:15:38","modified_gmt":"2020-06-18T09:15:38","slug":"supremo-mantem-ministro-no-inquerito-das-fake-news","status":"publish","type":"post","link":"https:\/\/www.caririemacao.com\/1\/2020\/06\/18\/supremo-mantem-ministro-no-inquerito-das-fake-news\/","title":{"rendered":"Supremo mant\u00e9m ministro no inqu\u00e9rito das fake news"},"content":{"rendered":"\n<h1 class=\"wp-block-heading\"><\/h1>\n\n\n\n<p>Por meio de vota\u00e7\u00e3o virtual, os ministros rejeitaram o pedido de habeas corpus ajuizado pelo ministro Andr\u00e9 Mendon\u00e7a (Justi\u00e7a) em favor de Weintraub.<\/p>\n\n\n\n<p>Desde segunda (15), a corte havia chegado \u00e0 maioria -de seis votos- pela rejei\u00e7\u00e3o do HC.<\/p>\n\n\n\n<p>Votaram pela manuten\u00e7\u00e3o de Weintraub no inqu\u00e9rito os ministros Edson Fachin (relator), Luis Roberto Barroso, C\u00e1rmen L\u00facia, Dias Toffoli, Gilmar Mendes, Rosa Weber, Luiz Fux, Celso de Mello e Ricardo Lewandoski. Apenas o ministro Marco Aur\u00e9lio Mello votou de forma contr\u00e1ria.<\/p>\n\n\n\n<p>J\u00e1 Alexandre de Moraes n\u00e3o votou por ter se declarado impedido, j\u00e1 que \u00e9 o relator do inqu\u00e9rito das fake news.<\/p>\n\n\n\n<p>Mendon\u00e7a apresentou o HC no dia 28 de maio. Ele pediu que Weintraub fosse exclu\u00eddo do inqu\u00e9rito das fake news e n\u00e3o tivesse de depor \u00e0 Pol\u00edcia Federal.<\/p>\n\n\n\n<p>Segundo Fachin, relator do pedido de Mendon\u00e7a, \u00e9 que n\u00e3o cabe HC contra a decis\u00e3o de um ministro \u2013no caso Moraes. Ele \u00e9 o relator do inqu\u00e9rito que investiga ataques ao STF.<\/p>\n\n\n\n<p>\u201cEsta corte j\u00e1 firmou jurisprud\u00eancia no sentido de n\u00e3o caber habeas corpus contra ato de ministro-relator, de turma ou do pr\u00f3prio tribunal pleno\u201d, escreveu Fachin, ao citar uma decis\u00e3o em HC de relatoria de Lewandowski.<\/p>\n\n\n\n<p>\u201cN\u00e3o se desconsidera que a parte impetrante alega flagrante ilegalidade. Contudo, o HC n\u00e3o \u00e9 via recursal.\u201d<\/p>\n\n\n\n<p>A forma\u00e7\u00e3o da maioria, cujo julgamento virtual se encerra na sexta-feira (19), \u00e9 mais um cap\u00edtulo da briga entre Weintraub e o STF.<\/p>\n\n\n\n<p>Moraes cobrou explica\u00e7\u00f5es, no \u00e2mbito do inqu\u00e9rito das fake news, sobre a declara\u00e7\u00e3o de Weintraub em reuni\u00e3o ministerial do dia 22 de abril.<\/p>\n\n\n\n<p>Nela, o ministro da Educa\u00e7\u00e3o disse que, por ele, \u201ccolocava esses vagabundos todos na cadeia, come\u00e7ando no STF\u201d.<\/p>\n\n\n\n<p>Nessa reuni\u00e3o, o ex-ministro Sergio Moro (Justi\u00e7a) acusa o presidente Jair Bolsonaro de tentar interferir politicamente na PF.<\/p>\n\n\n\n<p>No domingo (14), Weintraub se encontrou com manifestantes que no s\u00e1bado (13) fizeram um ato contra o STF.<\/p>\n\n\n\n<p>Na ocasi\u00e3o, o grupo lan\u00e7ou fogos de artif\u00edcios, simulando um bombardeio, em dire\u00e7\u00e3o \u00e0 corte.<\/p>\n\n\n\n<p>Ap\u00f3s a a\u00e7\u00e3o do governo do Distrito Federal para desmobilizar acampamentos de grupos bolsonaristas na Esplanada dos Minist\u00e9rios, Weintraub esteve no local para prestar solidariedade \u00e0queles que ainda permaneciam em protesto.<\/p>\n\n\n\n<p>Na conversa divulgada nas redes sociais, Weintraub abordou diversos temas. \u201cJ\u00e1 falei a minha opini\u00e3o, o que faria com esses vagabundos\u201d, afirmou ao comentar o inconformismo de um dos interlocutores ao dizer que paga impostos para os \u201ccorruptos\u201d roubarem.<\/p>\n\n\n\n<p>No HC, Mendon\u00e7a pediu ao STF para tirar o colega do inqu\u00e9rito e evitar depoimento \u00e0 PF.<\/p>\n\n\n\n<p>A oitiva j\u00e1 foi realizada, mas Weintraub permaneceu em sil\u00eancio. No pedido, visto com um ato pol\u00edtico do governo por ter sido assinado pelo ministro da Justi\u00e7a, Mendon\u00e7a escreve que o HC \u201c\u00e9 resultado de uma sequ\u00eancia de fatos que, do ponto de vista constitucional, representam a quebra da independ\u00eancia, harmonia e respeito entre os Poderes desejada por todos\u201d.<\/p>\n\n\n\n<p>Entre os exemplos ele cita a convoca\u00e7\u00e3o de Weintraub para depor e a opera\u00e7\u00e3o do dia 27 de maio envolvendo, segundo ele, \u201ccidad\u00e3os que n\u00e3o representam riscos \u00e0 sociedade, cujos direitos \u00e0 liberdade de express\u00e3o est\u00e3o sendo objeto de flagrante intimida\u00e7\u00e3o ou tentativa de cerceamento\u201d.<\/p>\n\n\n\n<p>Naquele dia, Moraes havia autorizado a PF a cumprir mandados de busca e apreens\u00e3o no inqu\u00e9rito das fake news. Os alvos eram aliados bolsonaristas.<\/p>\n\n\n\n<p>\u201cQualquer confus\u00e3o que se trace entre a dissemina\u00e7\u00e3o de not\u00edcias falsas, ou \u2018fake news\u2019, com o pleno exerc\u00edcio do direito de opini\u00e3o e liberdade de express\u00e3o pode resvalar em censura inconstitucional, ali\u00e1s, como alguns sugerem j\u00e1 ter ocorrido nestes autos relativamente a uma muito conhecida revista semanal eletr\u00f4nica\u201d, escreveu.<\/p>\n\n\n\n<p>Foi no \u00e2mbito deste inqu\u00e9rito que Moraes mandou tirar do ar reportagem dos sites da revista Cruso\u00e9 e O Antagonista que ligavam Toffoli \u00e0 empreiteira Odebrecht.<\/p>\n\n\n\n<p>Dias depois, o ministro voltou atr\u00e1s e derrubou a censura. O inqu\u00e9rito das fake news apura a dissemina\u00e7\u00e3o de not\u00edcias falsas, ofensas, ataques e amea\u00e7as contra integrantes do STF.<\/p>\n","protected":false},"excerpt":{"rendered":"<p>Por meio de vota\u00e7\u00e3o virtual, os ministros rejeitaram o pedido de habeas corpus ajuizado pelo ministro Andr\u00e9 Mendon\u00e7a (Justi\u00e7a) em favor de Weintraub. Desde segunda&hellip; <\/p>\n","protected":false},"author":2,"featured_media":174779,"comment_status":"closed","ping_status":"closed","sticky":false,"template":"","format":"standard","meta":{"sfsi_plus_gutenberg_text_before_share":"","sfsi_plus_gutenberg_show_text_before_share":"","sfsi_plus_gutenberg_icon_type":"","sfsi_plus_gutenberg_icon_alignemt":"","sfsi_plus_gutenburg_max_per_row":"","footnotes":""},"categories":[2],"tags":[],"class_list":["post-174778","post","type-post","status-publish","format-standard","has-post-thumbnail","hentry","category-geral"],"_links":{"self":[{"href":"https:\/\/www.caririemacao.com\/1\/wp-json\/wp\/v2\/posts\/174778","targetHints":{"allow":["GET"]}}],"collection":[{"href":"https:\/\/www.caririemacao.com\/1\/wp-json\/wp\/v2\/posts"}],"about":[{"href":"https:\/\/www.caririemacao.com\/1\/wp-json\/wp\/v2\/types\/post"}],"author":[{"embeddable":true,"href":"https:\/\/www.caririemacao.com\/1\/wp-json\/wp\/v2\/users\/2"}],"replies":[{"embeddable":true,"href":"https:\/\/www.caririemacao.com\/1\/wp-json\/wp\/v2\/comments?post=174778"}],"version-history":[{"count":1,"href":"https:\/\/www.caririemacao.com\/1\/wp-json\/wp\/v2\/posts\/174778\/revisions"}],"predecessor-version":[{"id":174780,"href":"https:\/\/www.caririemacao.com\/1\/wp-json\/wp\/v2\/posts\/174778\/revisions\/174780"}],"wp:featuredmedia":[{"embeddable":true,"href":"https:\/\/www.caririemacao.com\/1\/wp-json\/wp\/v2\/media\/174779"}],"wp:attachment":[{"href":"https:\/\/www.caririemacao.com\/1\/wp-json\/wp\/v2\/media?parent=174778"}],"wp:term":[{"taxonomy":"category","embeddable":true,"href":"https:\/\/www.caririemacao.com\/1\/wp-json\/wp\/v2\/categories?post=174778"},{"taxonomy":"post_tag","embeddable":true,"href":"https:\/\/www.caririemacao.com\/1\/wp-json\/wp\/v2\/tags?post=174778"}],"curies":[{"name":"wp","href":"https:\/\/api.w.org\/{rel}","templated":true}]}}