{"id":174781,"date":"2020-06-18T06:23:32","date_gmt":"2020-06-18T09:23:32","guid":{"rendered":"https:\/\/www.caririemacao.com\/1\/?p=174781"},"modified":"2020-06-18T06:23:32","modified_gmt":"2020-06-18T09:23:32","slug":"novo-ministro-de-bolsonaro-pede-armisticio-patriotico-no-brasil","status":"publish","type":"post","link":"https:\/\/www.caririemacao.com\/1\/2020\/06\/18\/novo-ministro-de-bolsonaro-pede-armisticio-patriotico-no-brasil\/","title":{"rendered":"Novo ministro de Bolsonaro pede \u201carmist\u00edcio patri\u00f3tico\u201d no Brasil"},"content":{"rendered":"\n<h1 class=\"wp-block-heading\"><\/h1>\n\n\n\n<p><\/p>\n\n\n\n<p>\u201cO grave momento tamb\u00e9m exige de n\u00f3s compreens\u00e3o, abertura ao di\u00e1logo. Se \u00e9 tempo de levantarmos a guarda contra o novo coronav\u00edrus, tamb\u00e9m \u00e9 hora de um armist\u00edcio patri\u00f3tico e deixarmos a arena eleitoral para 2022\u201d, disse Faria.<\/p>\n\n\n\n<p>\u201c\u00c9 preciso sobretudo respeito e que deixemos nossas diferen\u00e7as pol\u00edtico-ideol\u00f3gicas de lado para enfrentarmos esse inimigo comum que tem lamentavelmente tirado a vida de pessoas e gerado danos incalcul\u00e1veis \u00e0 economia. \u00c9 hora de pacificar o pa\u00eds\u201d, afirmou o novo ministro das Comunica\u00e7\u00f5es.<\/p>\n\n\n\n<p>Tamb\u00e9m estavam presentes o advogado Frederick Wassef, que defende Bolsonaro e o senador Fl\u00e1vio (Republicanos-RJ), filho dele, representantes de emissoras de TV, o diretor-geral da Abin (Ag\u00eancia Brasileira de Intelig\u00eancia), Alexandre Ramagem, o presidente do Flamengo, Rodolfo Landim, Patr\u00edcia Abravanel, mulher de Faria, e o ex-jogador Alexandre Pato, casado com uma irm\u00e3 de Patr\u00edcia.<\/p>\n\n\n\n<p>A deputada Carla Zambelli (PSL-SP), fiel aliada de Bolsonaro e alvo de uma quebra de sigilo banc\u00e1rio no \u00e2mbito do inqu\u00e9rito que apura atos antidemocr\u00e1ticos organizados por apoiadores do presidente, tamb\u00e9m participou da cerim\u00f4nia.<\/p>\n\n\n\n<p>Sob amea\u00e7a de demiss\u00e3o por causa de ataques ao STF, o ministro da Educa\u00e7\u00e3o, Abraham Weintraub, n\u00e3o participou da posse.<\/p>\n\n\n\n<p>O presidente da C\u00e2mara ficou em uma rodinha antes da cerim\u00f4nia, conversando com deputados e com o ministro Rog\u00e9rio Marinho (Desenvolvimento Regional).<\/p>\n\n\n\n<p>O Minist\u00e9rio das Comunica\u00e7\u00f5es, 23\u00ba do governo Bolsonaro, \u00e9 fruto de um desmembramento da pasta de Ci\u00eancia, Tecnologia e Inova\u00e7\u00f5es, comandada pelo astronauta Marcos Pontes e alvo da cobi\u00e7a de siglas do centr\u00e3o.<\/p>\n\n\n\n<p>A concess\u00e3o do minist\u00e9rio para o PSD \u00e9 a forma que Bolsonaro encontrou para trazer o partido presidido pelo ex-prefeito de S\u00e3o Paulo Gilberto Kassab para a base de apoio que tenta construir no Congresso.<\/p>\n\n\n\n<p>Bolsonaro passou a entregar cargos de segundo e terceiro escal\u00e3o para siglas do centr\u00e3o e, agora, entregou o primeiro minist\u00e9rio.<\/p>\n\n\n\n<p>Tudo para garantir votos suficientes para aprovar projetos de interesse do governo e, principalmente, para barrar um eventual processo de impeachment que venha a ser aberto na C\u00e2mara.<\/p>\n\n\n\n<p>No comando do novo minist\u00e9rio, entretanto, o deputado dever\u00e1 trocar as dire\u00e7\u00f5es dos Correios e da EBC (Empresa Brasil de Comunica\u00e7\u00e3o), diminuindo o espa\u00e7o da c\u00fapula militar e podendo abrir espa\u00e7o para indica\u00e7\u00f5es pol\u00edticas. A ideia \u00e9 que as duas empresas p\u00fablicas sejam entregues a indicados de outras siglas do centr\u00e3o.<\/p>\n\n\n\n<p>Hoje, as estruturas federais s\u00e3o comandadas por dois generais: Luiz Carlos Pereira Gomes, na EBC, e Floriano Peixoto Vieira Neto, nos Correios.<\/p>\n\n\n\n<p>Para evitar um inc\u00f4modo com os novos aliados no Congresso, assessores presidenciais defendem que os cargos sejam entregues a indicados de partidos como PP, PL e Republicanos.<\/p>\n\n\n\n<p>O presidente passou para as Comunica\u00e7\u00f5es a Secom (Secretaria Especial de Comunica\u00e7\u00e3o), antes subordinada \u00e0 Secretaria de Governo, comandada pelo general Luiz Eduardo Ramos.<\/p>\n\n\n\n<p>F\u00e1bio Salustino Mesquita de Faria, 42, nasceu em Natal. \u00c9 filho de Robinson Faria (PSD), ex-governador do Rio Grande do Norte, e genro do empres\u00e1rio e apresentador de TV Silvio Santos, dono do SBT. \u00c9 deputado desde 2007, quando assumiu o mandato pelo PLN. Desde 2011, integra o PSD.<\/p>\n\n\n\n<p>Faria foi alvo de quatro inqu\u00e9ritos no STF por suspeita de recebimento de caixa dois eleitoral e crimes eleitorais, como o uso de uma aeronave do governo do Rio Grande Norte para fazer campanha.<\/p>\n\n\n\n<p>Apenas uma investiga\u00e7\u00e3o segue na Justi\u00e7a Eleitoral. As demais foram arquivadas.<\/p>\n\n\n\n<p>O agora ministro foi citado em dela\u00e7\u00e3o por executivos da J&amp;F e da Odebrecht por supostos repasses ilegais feitos a ele e ao seu pai , em troca de favorecimento ilegal em atividades das empresas no Rio Grande do Norte.<\/p>\n\n\n\n<p>Em todas as acusa\u00e7\u00f5es, F\u00e1bio Faria negou ter cometido irregularidades.<\/p>\n\n\n\n<p>As investiga\u00e7\u00f5es da J&amp;F, holding controladora do grupo JBS, apontam que eles teriam sido benefici\u00e1rios do repasse de R$ 10 milh\u00f5es em troca da privatiza\u00e7\u00e3o da companhia de \u00e1gua estadual. Os valores teriam sido pagos, em parte, atrav\u00e9s de escrit\u00f3rios de advocacia.<\/p>\n\n\n\n<p>O caso chegou a ser arquivado por falta de prova, mas, em junho do ano passado, a PGR (Procuradoria-Geral da Rep\u00fablica) pediu a reabertura de uma investiga\u00e7\u00e3o contra o deputado com base na dela\u00e7\u00e3o premiada de Ricardo Saud, ex-executivo do grupo J&amp;F.<\/p>\n","protected":false},"excerpt":{"rendered":"<p>\u201cO grave momento tamb\u00e9m exige de n\u00f3s compreens\u00e3o, abertura ao di\u00e1logo. Se \u00e9 tempo de levantarmos a guarda contra o novo coronav\u00edrus, tamb\u00e9m \u00e9 hora&hellip; <\/p>\n","protected":false},"author":2,"featured_media":174782,"comment_status":"closed","ping_status":"closed","sticky":false,"template":"","format":"standard","meta":{"sfsi_plus_gutenberg_text_before_share":"","sfsi_plus_gutenberg_show_text_before_share":"","sfsi_plus_gutenberg_icon_type":"","sfsi_plus_gutenberg_icon_alignemt":"","sfsi_plus_gutenburg_max_per_row":"","footnotes":""},"categories":[11],"tags":[],"class_list":["post-174781","post","type-post","status-publish","format-standard","has-post-thumbnail","hentry","category-politica"],"_links":{"self":[{"href":"https:\/\/www.caririemacao.com\/1\/wp-json\/wp\/v2\/posts\/174781","targetHints":{"allow":["GET"]}}],"collection":[{"href":"https:\/\/www.caririemacao.com\/1\/wp-json\/wp\/v2\/posts"}],"about":[{"href":"https:\/\/www.caririemacao.com\/1\/wp-json\/wp\/v2\/types\/post"}],"author":[{"embeddable":true,"href":"https:\/\/www.caririemacao.com\/1\/wp-json\/wp\/v2\/users\/2"}],"replies":[{"embeddable":true,"href":"https:\/\/www.caririemacao.com\/1\/wp-json\/wp\/v2\/comments?post=174781"}],"version-history":[{"count":1,"href":"https:\/\/www.caririemacao.com\/1\/wp-json\/wp\/v2\/posts\/174781\/revisions"}],"predecessor-version":[{"id":174783,"href":"https:\/\/www.caririemacao.com\/1\/wp-json\/wp\/v2\/posts\/174781\/revisions\/174783"}],"wp:featuredmedia":[{"embeddable":true,"href":"https:\/\/www.caririemacao.com\/1\/wp-json\/wp\/v2\/media\/174782"}],"wp:attachment":[{"href":"https:\/\/www.caririemacao.com\/1\/wp-json\/wp\/v2\/media?parent=174781"}],"wp:term":[{"taxonomy":"category","embeddable":true,"href":"https:\/\/www.caririemacao.com\/1\/wp-json\/wp\/v2\/categories?post=174781"},{"taxonomy":"post_tag","embeddable":true,"href":"https:\/\/www.caririemacao.com\/1\/wp-json\/wp\/v2\/tags?post=174781"}],"curies":[{"name":"wp","href":"https:\/\/api.w.org\/{rel}","templated":true}]}}