{"id":174785,"date":"2020-06-18T06:27:32","date_gmt":"2020-06-18T09:27:32","guid":{"rendered":"https:\/\/www.caririemacao.com\/1\/?p=174785"},"modified":"2020-06-18T06:27:32","modified_gmt":"2020-06-18T09:27:32","slug":"jo-e-anunciado-como-novo-reforco-do-corinthians","status":"publish","type":"post","link":"https:\/\/www.caririemacao.com\/1\/2020\/06\/18\/jo-e-anunciado-como-novo-reforco-do-corinthians\/","title":{"rendered":"J\u00f4 \u00e9 anunciado como novo refor\u00e7o do Corinthians"},"content":{"rendered":"\n<h3 class=\"wp-block-heading\"><\/h3>\n\n\n\n<hr class=\"wp-block-separator\"\/>\n\n\n\n<p>O atacante&nbsp;<strong>J\u00f4<\/strong>&nbsp;est\u00e1 de volta ao&nbsp;<a href=\"https:\/\/wscom.com.br\/corinthians-anuncia-a-contratacao-do-atacante-jo-ate-o-fim-de-2023\/\" target=\"_blank\" rel=\"noreferrer noopener\">Corinthians<\/a>, pela terceira vez na carreira. O clube paulista anunciou na manh\u00e3 de hoje (17) que o v\u00ednculo do atleta com o time vai at\u00e9 31 de dezembro de 2023. J\u00f4 havia rescindido contrato no m\u00eas passado com a equipe japonesa Nagoya Grampus, pelo qual atuou por duas temporadas.<\/p>\n\n\n\n<p>O an\u00fancio do novo refor\u00e7o foi feito de forma bem-humorada em uma mensagem no Twitter. Primeiramente, foi publicada uma imagem de uma chamada de v\u00eddeo com atletas do atual elenco da equipe paulista, seguido da legenda \u201cTem jogador reconectando a chamada aqui, Fiel!\u201d<\/p>\n\n\n\n<p>Na sequ\u00eancia, foi lan\u00e7ada uma fotografia de J\u00f4, na \u00e9poca em que ele era crian\u00e7a, vestindo a camisa do clube, o qual foi revelado.<\/p>\n\n\n\n<p>Por fim, um v\u00eddeo de abertura do Programa do J\u00f4 \u2013 apresentado na tev\u00ea pelo humorista J\u00f4 Soares \u2013 foi publicado para anunciar a terceira passagem do atleta pelo Corinthians.<\/p>\n\n\n\n<p>O atacante, de 33 anos, vestiu a camisa do Corinthians em dois momentos no passado. No in\u00edcio da carreira, J\u00f4 foi revelado pelas divis\u00f5es de base do Tim\u00e3o e l\u00e1 mesmo foi efetivado como jogador profissional em 2003, permanecendo no elenco at\u00e9 2005, ano da conquista do Campeonato Brasileiro pela equipe do Parque S\u00e3o Jorge.<\/p>\n\n\n\n<p>Em 2017, J\u00f4 voltou ao clube paulista e seguiu no elenco at\u00e9 o final do ano, quando foi transferido para o futebol japon\u00eas. Mesmo em um intervalo mais curto de tempo, levantou as ta\u00e7as dos campeonatos Brasileiro e Paulista.<\/p>\n\n\n\n<p>Al\u00e9m do Corinthians, o atacante j\u00e1 atuou pelo CSKA-RUS, Manchester City (Inglaterra), Everton (Inglaterra), Galatasaray (Turquia), Internacional-RS, Atl\u00e9tico-MG, Al-Shabab (Estados Unidos), Jiangsu Suning (China) e, por \u00faltimo, pelo Nagoya Grampus (Jap\u00e3o).<\/p>\n\n\n\n<p>O jogador tamb\u00e9m defendeu a sele\u00e7\u00e3o brasileira: foi campe\u00e3o da Copa das Confedera\u00e7\u00f5es (2013) e disputou a Copa do Mundo de 2014. Ambas as competi\u00e7\u00f5es foram realizadas no Brasil. O atacante tamb\u00e9m fez parte da campanha da sele\u00e7\u00e3o ol\u00edmpica que conquistou a medalha de bronze, nos Jogos de Pequim (China), em 2008.<\/p>\n","protected":false},"excerpt":{"rendered":"<p>O atacante&nbsp;J\u00f4&nbsp;est\u00e1 de volta ao&nbsp;Corinthians, pela terceira vez na carreira. O clube paulista anunciou na manh\u00e3 de hoje (17) que o v\u00ednculo do atleta com&hellip; <\/p>\n","protected":false},"author":2,"featured_media":174786,"comment_status":"closed","ping_status":"closed","sticky":false,"template":"","format":"standard","meta":{"sfsi_plus_gutenberg_text_before_share":"","sfsi_plus_gutenberg_show_text_before_share":"","sfsi_plus_gutenberg_icon_type":"","sfsi_plus_gutenberg_icon_alignemt":"","sfsi_plus_gutenburg_max_per_row":"","footnotes":""},"categories":[2],"tags":[],"class_list":["post-174785","post","type-post","status-publish","format-standard","has-post-thumbnail","hentry","category-geral"],"_links":{"self":[{"href":"https:\/\/www.caririemacao.com\/1\/wp-json\/wp\/v2\/posts\/174785","targetHints":{"allow":["GET"]}}],"collection":[{"href":"https:\/\/www.caririemacao.com\/1\/wp-json\/wp\/v2\/posts"}],"about":[{"href":"https:\/\/www.caririemacao.com\/1\/wp-json\/wp\/v2\/types\/post"}],"author":[{"embeddable":true,"href":"https:\/\/www.caririemacao.com\/1\/wp-json\/wp\/v2\/users\/2"}],"replies":[{"embeddable":true,"href":"https:\/\/www.caririemacao.com\/1\/wp-json\/wp\/v2\/comments?post=174785"}],"version-history":[{"count":1,"href":"https:\/\/www.caririemacao.com\/1\/wp-json\/wp\/v2\/posts\/174785\/revisions"}],"predecessor-version":[{"id":174787,"href":"https:\/\/www.caririemacao.com\/1\/wp-json\/wp\/v2\/posts\/174785\/revisions\/174787"}],"wp:featuredmedia":[{"embeddable":true,"href":"https:\/\/www.caririemacao.com\/1\/wp-json\/wp\/v2\/media\/174786"}],"wp:attachment":[{"href":"https:\/\/www.caririemacao.com\/1\/wp-json\/wp\/v2\/media?parent=174785"}],"wp:term":[{"taxonomy":"category","embeddable":true,"href":"https:\/\/www.caririemacao.com\/1\/wp-json\/wp\/v2\/categories?post=174785"},{"taxonomy":"post_tag","embeddable":true,"href":"https:\/\/www.caririemacao.com\/1\/wp-json\/wp\/v2\/tags?post=174785"}],"curies":[{"name":"wp","href":"https:\/\/api.w.org\/{rel}","templated":true}]}}