{"id":174789,"date":"2020-06-18T06:34:13","date_gmt":"2020-06-18T09:34:13","guid":{"rendered":"https:\/\/www.caririemacao.com\/1\/?p=174789"},"modified":"2020-06-18T06:34:13","modified_gmt":"2020-06-18T09:34:13","slug":"paraiba-confirma-1-584-novos-casos-de-covid-19-em-24h-total-de-mortes-chega-a-696-e-31-712-foram-contaminados","status":"publish","type":"post","link":"https:\/\/www.caririemacao.com\/1\/2020\/06\/18\/paraiba-confirma-1-584-novos-casos-de-covid-19-em-24h-total-de-mortes-chega-a-696-e-31-712-foram-contaminados\/","title":{"rendered":"Para\u00edba confirma 1.584 novos casos de Covid-19 em 24h; total de mortes chega a 696 e 31.712 foram contaminados"},"content":{"rendered":"\n<h1 class=\"wp-block-heading\"><\/h1>\n\n\n\n<p>A Para\u00edba registrou 1.584 novos casos de Covid-19 e 25 \u00f3bitos confirmados desde a \u00faltima atualiza\u00e7\u00e3o, sendo 1 deles ocorrido nas \u00faltimas 24 horas. S\u00e3o 31.712 pessoas que j\u00e1 contra\u00edram a doen\u00e7a, 7.972 que j\u00e1 se recuperaram e&nbsp; 696 faleceram. Os dados foram divulgados pela Secretaria de Sa\u00fade do Estado na tarde desta quarta-feira (17).<\/p>\n\n\n\n<p>Casos Confirmados: 31.712<br>Casos Descartados: 27.347<br>\u00d3bitos confirmados: 696<br>Casos recuperados: 7.972<br>Total de munic\u00edpios: 213<br><br>J\u00e1 foram realizados 91.271 testes para diagn\u00f3stico da covid-19. A ocupa\u00e7\u00e3o total de leitos de UTI (adulto, pedi\u00e1trico e obst\u00e9trico) em todo o estado \u00e9 de 67%. Fazendo um recorte apenas dos leitos de UTI para adultos na Regi\u00e3o Metropolitana de Jo\u00e3o Pessoa, a taxa de ocupa\u00e7\u00e3o chega a 76%. Em Campina Grande, est\u00e3o ocupados 68% dos leitos de UTI adulto e no sert\u00e3o, 54% dos leitos de UTI para adultos.&nbsp;<\/p>\n\n\n\n<p>O \u00edndice de Isolamento Social foi de apenas 42,2%, considerado baixo em rela\u00e7\u00e3o \u00e0 meta de 70% e \u00e0 m\u00ednima de 50%.<\/p>\n\n\n\n<p>Os casos confirmados est\u00e3o distribu\u00eddos por 213 dos 223 munic\u00edpios paraibanos:<\/p>\n\n\n\n<p>\u00c1gua Branca (17); Aguiar (3); Alagoa Grande (250); Alagoa Nova (108); Alagoinha (261); Alcantil (6); Alhandra (258); Amparo (12); Aparecida (13); Ara\u00e7agi (115); Arara (46); Araruna (23); Areia (112); Areia de Bara\u00fanas (1); Areial (18); Aroeiras (67); Assun\u00e7\u00e3o (20); Baia da Trai\u00e7\u00e3o (112); Bananeiras (56); Bara\u00fana (82); Barra de Santa Rosa (15); Barra de Santana (38); Barra de S\u00e3o Miguel (5); Bayeux (628); Bel\u00e9m (117); Bel\u00e9m do Brejo do Cruz (6); Bernardino Batista (2); Boa Ventura (1); Boa Vista (46); Bom Jesus (2); Bom Sucesso (5); Bonito de Santa F\u00e9 (1); Boqueir\u00e3o (73); Borborema (2); Brejo do Cruz (47); Brejo dos Santos (3); Caapor\u00e3 (626); Cabaceiras (7); Cabedelo (1476); Cachoeira dos \u00cdndios (30); Cacimba de Areia (7); Cacimba de Dentro (36); Cacimbas (28); Cai\u00e7ara (66); Cajazeiras (279); Cajazeirinhas (1); Caldas Brand\u00e3o (35); Camala\u00fa (1); Campina Grande (4783); Capim (72); Cara\u00fabas (3); Carrapateira (1); Casserengue (73); Catingueira (8), Catol\u00e9 do Rocha (97); Caturit\u00e9 (36); Concei\u00e7\u00e3o (5); Condado (53); Conde (216); Congo (15); Coremas (23); Coxixola (8); Cruz do Esp\u00edrito Santo (167); Cubati (24); Cuit\u00e9 (35); Cuit\u00e9 de Mamanguape (25); Cuiteg\u00ed (72); Curral de Cima (13); Curral Velho (1), Dami\u00e3o (2); Desterro (17); Diamante (2); Dona In\u00eas (6); Duas Estradas (37); Emas (1); Esperan\u00e7a (169); Fagundes (23); Frei Martinho (1); Gado Bravo (50); Guarabira (1396); Gurinh\u00e9m (99); Gurj\u00e3o (17); Ibiara (5); Igaracy (2); Imaculada (11); Ing\u00e1 (178); Itabaiana (399); Itaporanga (8); Itapororoca (93); Itatuba (87); Jacara\u00fa (50); Jeric\u00f3 (3); Jo\u00e3o Pessoa (8952); Joca Claudino (1); Juarez T\u00e1vora (68); Juazeirinho (78); Junco do Serid\u00f3 (14); Juripiranga (212); Juru (9); Lagoa (3); Lagoa de Dentro (11); Lagoa Seca (238); Lastro (9); Livramento (7); Logradouro (20); Lucena (140); M\u00e3e d&#8217;\u00c1gua (10); Malta (19); Mamanguape (674); Mana\u00edra (2); Marca\u00e7\u00e3o (12); Mari (222); Mariz\u00f3polis (5); Massaranduba (85); Mataraca (64); Matinhas (30); Mato Grosso (7); Matureia (17); Mogeiro (32); Montadas (24); Monteiro (49); Mulungu (92); Natuba (19); Nazarezinho (4); Nova Floresta (6), Nova Olinda (5); Nova Palmeira (16); Olho D\u00b4\u00c1gua (25); Olivedos (13);&nbsp; Parari (2); Passagem (17); Patos (949); Paulista (52); Pedra Lavrada (17); Pedras de Fogo (604); Pedro R\u00e9gis (1); Pianc\u00f3 (30); Picu\u00ed (54); Pilar (80); Pil\u00f5es (30); Pil\u00f5ezinhos (99); Pirpirituba (45); Pitimbu (352); Pocinhos (28);&nbsp; Pombal (104); Princesa Isabel (27); Puxinan\u00e3 (99);&nbsp; Queimadas (293); Quixaba (22); Rem\u00edgio (114); Riach\u00e3o (11); Riach\u00e3o do Bacamarte (146);&nbsp; Riach\u00e3o do Po\u00e7o (17); Riacho de Santo Ant\u00f4nio (6); Riacho dos Cavalos (3); Rio Tinto (222); Salgadinho (8); Salgado de S\u00e3o Felix (61); Santa Cec\u00edlia (10); Santa Cruz (5); Santa Helena (3); Santa In\u00eas (5);&nbsp; Santa Luzia (126); Santa Rita (1005); Santa Terezinha (24); Santana dos Garrotes (2); Santo Andr\u00e9 (1); S\u00e3o Bentinho (16); S\u00e3o Bento (440); S\u00e3o Domingos do Cariri (1);&nbsp; S\u00e3o Francisco (7);&nbsp; S\u00e3o Jo\u00e3o do Cariri (21); S\u00e3o Jo\u00e3o do Rio do Peixe (28); S\u00e3o Jo\u00e3o do Tigre (1); S\u00e3o Jos\u00e9 da Lagoa Tapada (17); S\u00e3o Jos\u00e9 de Caiana (22); S\u00e3o Jos\u00e9 de Espinharas (5); S\u00e3o Jos\u00e9 de Piranhas (17); S\u00e3o Jos\u00e9 do Bonfim (40); S\u00e3o Jos\u00e9 do Brejo do Cruz (1); S\u00e3o Jos\u00e9 do Sabugi (100); S\u00e3o Jos\u00e9 dos Cordeiros (3); S\u00e3o Jos\u00e9 dos Ramos (50); S\u00e3o Mamede (22); S\u00e3o Miguel de Taipu (59); S\u00e3o Sebasti\u00e3o de Lagoa de Ro\u00e7a (73); S\u00e3o Sebasti\u00e3o do Umbuzeiro (4); S\u00e3o Vicente do Serid\u00f3 (18); Sap\u00e9 (363); Serra Branca (13); Serra da Ra\u00edz (12); Serra Grande (2); Serra Redonda (88); Serraria (20); Sert\u00e3ozinho (27); Sobrado (54); Sol\u00e2nea (114); Soledade (56); Sossego (4), Sousa (385); Sum\u00e9 (26); Tacima (42); Tapero\u00e1 (37); Tavares (20); Teixeira (38); Ten\u00f3rio (7); Triunfo (1); Uira\u00fana (15); Umbuzeiro (18); V\u00e1rzea (2); Vieir\u00f3polis (3); Vista Serrana (2), Zabel\u00ea (1).<\/p>\n\n\n\n<p>*Dados Oficiais preliminares (fonte: SIM,e-sus VE e SIVEP) extra\u00eddos \u00e0s 10h do dia 17\/06, sujeitos a altera\u00e7\u00e3o por parte dos munic\u00edpios.<\/p>\n\n\n\n<p>25 \u00f3bitos foram confirmados, sendo 01 deles nas \u00faltimas 24h.<\/p>\n\n\n\n<p>Mulher, 63 anos, residente em Santa Rita. Diab\u00e9tica, cardiopata. Inicio dos sintomas em 02\/05, veio a \u00f3bito em hospital p\u00fablico no dia 18\/05.<\/p>\n\n\n\n<p>Mulher, 71 anos, residente em Bayeux. Hipertensa, portadora de doen\u00e7a respirat\u00f3ria. Inicio dos sintomas em 19\/05, veio a \u00f3bito em hospital p\u00fablico no dia 04\/06.<\/p>\n\n\n\n<p>Homem, 76 anos, residente em Jo\u00e3o Pessoa. Hipertenso. In\u00edcio dos sintomas em 16\/05, veio a \u00f3bito em hospital p\u00fablico no dia 05\/06.<\/p>\n\n\n\n<p>Homem, 79 anos, residente em Jo\u00e3o Pessoa. Tabagista. In\u00edcio dos sintomas em 03\/05, veio a \u00f3bito em hospital p\u00fablico no dia 08\/05.<\/p>\n\n\n\n<p>Homem, 78 anos, residente em Pedras de Fogo. Hipertenso. In\u00edcio dos sintomas em 29\/05, veio a \u00f3bito em hospital p\u00fablico no dia 12\/06.<\/p>\n\n\n\n<p>Mulher, 60 anos, residente em Jo\u00e3o Pessoa. Comorbidade n\u00e3o informada. In\u00edcio dos sintomas em 09\/05, veio a \u00f3bito em hospital p\u00fablico no dia 07\/06.<\/p>\n\n\n\n<p>Homem, 87 anos, residente em Conde. Hipertenso. In\u00edcio dos sintomas em 11\/05, veio a \u00f3bito em hospital p\u00fablico no dia 05\/06.<\/p>\n\n\n\n<p>Mulher, 85 anos, residente em Jo\u00e3o Pessoa. Comorbidade n\u00e3o informada. In\u00edcio dos sintomas em 24\/05, veio a \u00f3bito em hospital p\u00fablico no dia 06\/06.<\/p>\n\n\n\n<p>Mulher, 71 anos, residente em Santa Rita. Diab\u00e9tica. In\u00edcio dos sintomas em 05\/05, veio a \u00f3bito em hospital p\u00fablico no dia 21\/05.<\/p>\n\n\n\n<p>Mulher, 77 anos, residente em Jo\u00e3o Pessoa. Diab\u00e9tica, hipertensa. In\u00edcio dos sintomas em 21\/05, veio a \u00f3bito em hospital p\u00fablico no dia 04\/06.<\/p>\n\n\n\n<p>Mulher, 75 anos, residente em Jo\u00e3o Pessoa. Comorbidade n\u00e3o informada. In\u00edcio dos sintomas em 27\/05, veio a \u00f3bito em hospital p\u00fablico no dia 08\/06.<\/p>\n\n\n\n<p>Homem, 59 anos, residente em Jo\u00e3o Pessoa. Diab\u00e9tico, hipertenso. In\u00edcio dos sintomas em 25\/05, veio a \u00f3bito em hospital p\u00fablico no dia 06\/06.<\/p>\n\n\n\n<p>Homem,83&nbsp; anos, residente em Jo\u00e3o Pessoa. Diab\u00e9tico, Hipertenso. In\u00edcio dos sintomas em 23\/05, veio a \u00f3bito em hospital p\u00fablico no dia 04\/06.<\/p>\n\n\n\n<p>Homem, 62 anos, residente em Campina Grande. Comorbidade n\u00e3o informada. In\u00edcio dos sintomas em 09\/05, veio a \u00f3bito em hospital p\u00fablico no dia 29\/05.<\/p>\n\n\n\n<p>Mulher, 78 anos, residente em Patos. Diab\u00e9tica, hipertensa. In\u00edcio dos sintomas em 29\/05, veio a \u00f3bito em hospital p\u00fablico no dia 16\/06.<\/p>\n\n\n\n<p>Homem, 40 anos, residente em Caapor\u00e3. Portador de doen\u00e7a neurol\u00f3gica. In\u00edcio dos sintomas em 18\/05, veio a \u00f3bito em hospital p\u00fablico no dia 14\/06<\/p>\n\n\n\n<p>Mulher, 88 anos, residente em Jo\u00e3o Pessoa. Diab\u00e9tica, hipertensa. In\u00edcio dos sintomas em 24\/05, veio a \u00f3bito em hospital p\u00fablico no dia 16\/06.<\/p>\n\n\n\n<p>Homem, 34 anos, residente em Guarabira. Portador de doen\u00e7a neurol\u00f3gica. In\u00edcio dos sintomas em 31\/05, veio a \u00f3bito em hospital p\u00fablico no dia 15\/06.<\/p>\n\n\n\n<p>Homem, 36 anos, residente em Guarabira. Portador de doen\u00e7a neurol\u00f3gica. In\u00edcio dos sintomas em 01\/06, veio a \u00f3bito em hospital p\u00fablico no dia 15\/06.<\/p>\n\n\n\n<p>Homem, 88 anos, residente em Pedras de Fogo. Hipertenso, diab\u00e9tico, portador de doen\u00e7a respirat\u00f3ria. In\u00edcio dos sintomas em 25\/05, veio a \u00f3bito em hospital p\u00fablico no dia 15\/06.<\/p>\n\n\n\n<p>Mulher, 67 anos, residente em Santa Rita. Ex-tabagista. In\u00edcio dos sintomas em 25\/05, veio a \u00f3bito em hospital p\u00fablico no dia 14\/06.<\/p>\n\n\n\n<p>Homem, 80 anos, residente em Jo\u00e3o Pessoa. Hipertenso. In\u00edcio dos sintomas em 16\/05, veio a \u00f3bito em hospital p\u00fablico no dia 15\/06.<\/p>\n\n\n\n<p>Mulher, 77 anos, residente em Jo\u00e3o Pessoa. Portadora de doen\u00e7a neurol\u00f3gica. In\u00edcio dos sintomas em 01\/05, veio a \u00f3bito em hospital p\u00fablico no dia 09\/06.<\/p>\n\n\n\n<p>Homem, 72 anos, residente em Cruz do Esp\u00edrito Santo. Comormidade n\u00e3o informada. In\u00edcio dos sintomas em 28\/05, veio a \u00f3bito em hospital p\u00fablico no dia 10\/06.<\/p>\n\n\n\n<p>Mulher, 92 anos, residente em Jo\u00e3o Pessoa. Hipertensa, diab\u00e9tica, portadora de doen\u00e7a neurol\u00f3gica. In\u00edcio dos sintomas em 31\/05, veio a \u00f3bito em hospital p\u00fablico no dia<\/p>\n","protected":false},"excerpt":{"rendered":"<p>A Para\u00edba registrou 1.584 novos casos de Covid-19 e 25 \u00f3bitos confirmados desde a \u00faltima atualiza\u00e7\u00e3o, sendo 1 deles ocorrido nas \u00faltimas 24 horas. S\u00e3o&hellip; <\/p>\n","protected":false},"author":2,"featured_media":174790,"comment_status":"closed","ping_status":"closed","sticky":false,"template":"","format":"standard","meta":{"sfsi_plus_gutenberg_text_before_share":"","sfsi_plus_gutenberg_show_text_before_share":"","sfsi_plus_gutenberg_icon_type":"","sfsi_plus_gutenberg_icon_alignemt":"","sfsi_plus_gutenburg_max_per_row":"","footnotes":""},"categories":[2],"tags":[],"class_list":["post-174789","post","type-post","status-publish","format-standard","has-post-thumbnail","hentry","category-geral"],"_links":{"self":[{"href":"https:\/\/www.caririemacao.com\/1\/wp-json\/wp\/v2\/posts\/174789","targetHints":{"allow":["GET"]}}],"collection":[{"href":"https:\/\/www.caririemacao.com\/1\/wp-json\/wp\/v2\/posts"}],"about":[{"href":"https:\/\/www.caririemacao.com\/1\/wp-json\/wp\/v2\/types\/post"}],"author":[{"embeddable":true,"href":"https:\/\/www.caririemacao.com\/1\/wp-json\/wp\/v2\/users\/2"}],"replies":[{"embeddable":true,"href":"https:\/\/www.caririemacao.com\/1\/wp-json\/wp\/v2\/comments?post=174789"}],"version-history":[{"count":1,"href":"https:\/\/www.caririemacao.com\/1\/wp-json\/wp\/v2\/posts\/174789\/revisions"}],"predecessor-version":[{"id":174791,"href":"https:\/\/www.caririemacao.com\/1\/wp-json\/wp\/v2\/posts\/174789\/revisions\/174791"}],"wp:featuredmedia":[{"embeddable":true,"href":"https:\/\/www.caririemacao.com\/1\/wp-json\/wp\/v2\/media\/174790"}],"wp:attachment":[{"href":"https:\/\/www.caririemacao.com\/1\/wp-json\/wp\/v2\/media?parent=174789"}],"wp:term":[{"taxonomy":"category","embeddable":true,"href":"https:\/\/www.caririemacao.com\/1\/wp-json\/wp\/v2\/categories?post=174789"},{"taxonomy":"post_tag","embeddable":true,"href":"https:\/\/www.caririemacao.com\/1\/wp-json\/wp\/v2\/tags?post=174789"}],"curies":[{"name":"wp","href":"https:\/\/api.w.org\/{rel}","templated":true}]}}