{"id":174793,"date":"2020-06-18T06:37:43","date_gmt":"2020-06-18T09:37:43","guid":{"rendered":"https:\/\/www.caririemacao.com\/1\/?p=174793"},"modified":"2020-06-18T06:37:43","modified_gmt":"2020-06-18T09:37:43","slug":"presidente-da-famup-diz-que-seis-municipios-confirmam-antecipacao-de-parcela-do-13o-salario-mas-que-nem-10-conseguirao-pagar-neste-mes","status":"publish","type":"post","link":"https:\/\/www.caririemacao.com\/1\/2020\/06\/18\/presidente-da-famup-diz-que-seis-municipios-confirmam-antecipacao-de-parcela-do-13o-salario-mas-que-nem-10-conseguirao-pagar-neste-mes\/","title":{"rendered":"Presidente da Famup diz que seis munic\u00edpios confirmam antecipa\u00e7\u00e3o de parcela do 13\u00ba sal\u00e1rio, mas que nem 10% conseguir\u00e3o pagar neste m\u00eas"},"content":{"rendered":"\n<h1 class=\"wp-block-heading\"><\/h1>\n\n\n\n<p>O presidente da Federa\u00e7\u00e3o das Associa\u00e7\u00f5es de Munic\u00edpios da Para\u00edba (Famup), George Coelho, informou em entrevista ao ClickPB, nesta quarta-feira (17), que menos de 10% dos munic\u00edpios paraibanos devem conseguir antecipar a primeira parcela do 13\u00ba sal\u00e1rio neste m\u00eas. Ele revelou que seis munic\u00edpios j\u00e1 confirmaram \u00e0 Famup que efetuar\u00e3o os pagamentos ainda em junho, faltando ainda saber dos demais se o dep\u00f3sito ser\u00e1 feito agora ou somente no fim do ano.<\/p>\n\n\n\n<p>&#8220;Estamos esperando uma pesquisa que estamos fazendo junto aos munic\u00edpios. Acho que ser\u00e3o menos de 10% (dos munic\u00edpios). Mas a certeza \u00e9 no final do m\u00eas&#8221;, informou ao ClickPB George Coelho, sem antecipar quais munic\u00edpios pagar\u00e3o ainda neste m\u00eas.<\/p>\n\n\n\n<p>O presidente da Famup tamb\u00e9m comentou com o ClickPB sobre a dificuldade que a pandemia traz aos munic\u00edpios. Segundo ele, esse \u00e9 um per\u00edodo &#8220;muito dif\u00edcil porque muitas t\u00eam um ICMS maior do que o FPM, apesar da reposi\u00e7\u00e3o. A queda ser\u00e1 muito grande de recursos.&#8221;<\/p>\n\n\n\n<p><strong>Pagamento do 13\u00ba sal\u00e1rio<\/strong><\/p>\n\n\n\n<p>A Prefeitura de Jo\u00e3o Pessoa j\u00e1 confirmou o pagamento da primeira parcela do 13\u00ba sal\u00e1rio na sexta-feira (19).<\/p>\n\n\n\n<p>A assessoria de imprensa da Prefeitura de Cabedelo informou ao ClickPB, nesta quarta-feira, que como em todos os anos da gest\u00e3o de Vitor Hugo, o pagamento ser\u00e1 feito de forma integral no final do ano.<\/p>\n\n\n\n<p>A assessoria da Prefeitura de Santa Rita disse ao ClickPB que os pagamentos s\u00e3o feitos sempre em dezembro.<\/p>\n\n\n\n<p>A Prefeitura de Monteiro informou hoje que a &#8220;programa\u00e7\u00e3o da antecipa\u00e7\u00e3o da 1\u00aa parcela do 13\u00ba sal\u00e1rio ser\u00e1 do dia 13 de julho ao dia 16 de julho, ent\u00e3o, dia 13 recebem os servidores da Sa\u00fade, dia 14 os da Montran e Assist\u00eancia Social, dia 15 os da Educa\u00e7\u00e3o e dia 16 os da Prefeitura. Os inativos e pensionistas j\u00e1 receberam a primeira parcela no in\u00edcio de abril, em virtude da pandemia.&#8221;<\/p>\n\n\n\n<p>O ClickPB tenta resposta de outras prefeituras.<\/p>\n","protected":false},"excerpt":{"rendered":"<p>O presidente da Federa\u00e7\u00e3o das Associa\u00e7\u00f5es de Munic\u00edpios da Para\u00edba (Famup), George Coelho, informou em entrevista ao ClickPB, nesta quarta-feira (17), que menos de 10%&hellip; <\/p>\n","protected":false},"author":2,"featured_media":174794,"comment_status":"closed","ping_status":"closed","sticky":false,"template":"","format":"standard","meta":{"sfsi_plus_gutenberg_text_before_share":"","sfsi_plus_gutenberg_show_text_before_share":"","sfsi_plus_gutenberg_icon_type":"","sfsi_plus_gutenberg_icon_alignemt":"","sfsi_plus_gutenburg_max_per_row":"","footnotes":""},"categories":[2],"tags":[],"class_list":["post-174793","post","type-post","status-publish","format-standard","has-post-thumbnail","hentry","category-geral"],"_links":{"self":[{"href":"https:\/\/www.caririemacao.com\/1\/wp-json\/wp\/v2\/posts\/174793","targetHints":{"allow":["GET"]}}],"collection":[{"href":"https:\/\/www.caririemacao.com\/1\/wp-json\/wp\/v2\/posts"}],"about":[{"href":"https:\/\/www.caririemacao.com\/1\/wp-json\/wp\/v2\/types\/post"}],"author":[{"embeddable":true,"href":"https:\/\/www.caririemacao.com\/1\/wp-json\/wp\/v2\/users\/2"}],"replies":[{"embeddable":true,"href":"https:\/\/www.caririemacao.com\/1\/wp-json\/wp\/v2\/comments?post=174793"}],"version-history":[{"count":1,"href":"https:\/\/www.caririemacao.com\/1\/wp-json\/wp\/v2\/posts\/174793\/revisions"}],"predecessor-version":[{"id":174795,"href":"https:\/\/www.caririemacao.com\/1\/wp-json\/wp\/v2\/posts\/174793\/revisions\/174795"}],"wp:featuredmedia":[{"embeddable":true,"href":"https:\/\/www.caririemacao.com\/1\/wp-json\/wp\/v2\/media\/174794"}],"wp:attachment":[{"href":"https:\/\/www.caririemacao.com\/1\/wp-json\/wp\/v2\/media?parent=174793"}],"wp:term":[{"taxonomy":"category","embeddable":true,"href":"https:\/\/www.caririemacao.com\/1\/wp-json\/wp\/v2\/categories?post=174793"},{"taxonomy":"post_tag","embeddable":true,"href":"https:\/\/www.caririemacao.com\/1\/wp-json\/wp\/v2\/tags?post=174793"}],"curies":[{"name":"wp","href":"https:\/\/api.w.org\/{rel}","templated":true}]}}