{"id":174797,"date":"2020-06-18T06:46:42","date_gmt":"2020-06-18T09:46:42","guid":{"rendered":"https:\/\/www.caririemacao.com\/1\/?p=174797"},"modified":"2020-06-18T06:46:42","modified_gmt":"2020-06-18T09:46:42","slug":"em-meio-a-pandemia-paraiba-registra-queda-de-19-no-volume-de-servicos-no-mes-de-abril-5a-maior-reducao-do-pais","status":"publish","type":"post","link":"https:\/\/www.caririemacao.com\/1\/2020\/06\/18\/em-meio-a-pandemia-paraiba-registra-queda-de-19-no-volume-de-servicos-no-mes-de-abril-5a-maior-reducao-do-pais\/","title":{"rendered":"Em meio a pandemia, Para\u00edba registra queda de 19% no volume de servi\u00e7os no m\u00eas de abril, 5\u00aa maior redu\u00e7\u00e3o do pa\u00eds"},"content":{"rendered":"\n<h1 class=\"wp-block-heading\"><\/h1>\n\n\n\n<p>A Para\u00edba registrou a 5\u00aa maior redu\u00e7\u00e3o do pa\u00eds no volume de servi\u00e7os, em abril, no comparativo com mar\u00e7o, de acordo com a Pesquisa Mensal de Servi\u00e7os (PMS), divulgada pelo IBGE nesta quarta-feira (17). A queda de 19,2% foi o pior resultado da s\u00e9rie hist\u00f3rica, iniciada em janeiro de 2011. O indice estadual ficou bem abaixo da m\u00e9dia nacional, de -11,7%.<\/p>\n\n\n\n<p>Essa tamb\u00e9m foi a terceira retra\u00e7\u00e3o consecutiva no setor paraibano, que j\u00e1 havia recuado 2,8% em fevereiro e 5,7% em mar\u00e7o. Em abril e no m\u00eas anterior, os resultados demonstram a forte influ\u00eancia das medidas de isolamento social, estabelecidas em todo o pa\u00eds, para conter o cont\u00e1gio da Covid-19.<\/p>\n\n\n\n<p>A PMS aponta, por\u00e9m, que os efeitos da pandemia n\u00e3o foram sentidos apenas pelo setor na Para\u00edba. Redu\u00e7\u00f5es no volume de servi\u00e7os foram observadas em quase todo o Brasil, com quedas nos indicadores em 26 das 27 unidades da federa\u00e7\u00e3o. O Mato Grosso foi o \u00fanico estado que apresentou varia\u00e7\u00e3o positiva, de 9%, devido ao aumento do transporte ferrovi\u00e1rio de cargas, para escoamento da produ\u00e7\u00e3o de gr\u00e3os, e pelo peso do setor de transportes na regi\u00e3o.&nbsp;<\/p>\n\n\n\n<p>A receita nominal arrecadada pelas atividades de servi\u00e7o na Para\u00edba tamb\u00e9m apresentou forte redu\u00e7\u00e3o no m\u00eas pesquisado, de 19,3%. Esse foi o 8\u00aa pior resultado entre as unidades da federa\u00e7\u00e3o, maior do que m\u00e9dia brasileira, de 12,9%, al\u00e9m de ter sido a terceira redu\u00e7\u00e3o seguida no \u00edndice paraibano.<\/p>\n\n\n\n<p>J\u00e1 no acumulado dos \u00faltimos 12 meses, o volume de servi\u00e7os apresenta varia\u00e7\u00e3o negativa de 1,1%, ao passo que a receita nominal variou 0,6%. Nacionalmente, os \u00edndices s\u00e3o de -0,6% para o volume de servi\u00e7os e de 2,3% para a receita.&nbsp;<\/p>\n\n\n\n<h1 class=\"wp-block-heading\">COMPARTILHE:<\/h1>\n","protected":false},"excerpt":{"rendered":"<p>A Para\u00edba registrou a 5\u00aa maior redu\u00e7\u00e3o do pa\u00eds no volume de servi\u00e7os, em abril, no comparativo com mar\u00e7o, de acordo com a Pesquisa Mensal&hellip; <\/p>\n","protected":false},"author":2,"featured_media":174798,"comment_status":"closed","ping_status":"closed","sticky":false,"template":"","format":"standard","meta":{"sfsi_plus_gutenberg_text_before_share":"","sfsi_plus_gutenberg_show_text_before_share":"","sfsi_plus_gutenberg_icon_type":"","sfsi_plus_gutenberg_icon_alignemt":"","sfsi_plus_gutenburg_max_per_row":"","footnotes":""},"categories":[2],"tags":[],"class_list":["post-174797","post","type-post","status-publish","format-standard","has-post-thumbnail","hentry","category-geral"],"_links":{"self":[{"href":"https:\/\/www.caririemacao.com\/1\/wp-json\/wp\/v2\/posts\/174797","targetHints":{"allow":["GET"]}}],"collection":[{"href":"https:\/\/www.caririemacao.com\/1\/wp-json\/wp\/v2\/posts"}],"about":[{"href":"https:\/\/www.caririemacao.com\/1\/wp-json\/wp\/v2\/types\/post"}],"author":[{"embeddable":true,"href":"https:\/\/www.caririemacao.com\/1\/wp-json\/wp\/v2\/users\/2"}],"replies":[{"embeddable":true,"href":"https:\/\/www.caririemacao.com\/1\/wp-json\/wp\/v2\/comments?post=174797"}],"version-history":[{"count":1,"href":"https:\/\/www.caririemacao.com\/1\/wp-json\/wp\/v2\/posts\/174797\/revisions"}],"predecessor-version":[{"id":174799,"href":"https:\/\/www.caririemacao.com\/1\/wp-json\/wp\/v2\/posts\/174797\/revisions\/174799"}],"wp:featuredmedia":[{"embeddable":true,"href":"https:\/\/www.caririemacao.com\/1\/wp-json\/wp\/v2\/media\/174798"}],"wp:attachment":[{"href":"https:\/\/www.caririemacao.com\/1\/wp-json\/wp\/v2\/media?parent=174797"}],"wp:term":[{"taxonomy":"category","embeddable":true,"href":"https:\/\/www.caririemacao.com\/1\/wp-json\/wp\/v2\/categories?post=174797"},{"taxonomy":"post_tag","embeddable":true,"href":"https:\/\/www.caririemacao.com\/1\/wp-json\/wp\/v2\/tags?post=174797"}],"curies":[{"name":"wp","href":"https:\/\/api.w.org\/{rel}","templated":true}]}}