{"id":174800,"date":"2020-06-18T06:57:37","date_gmt":"2020-06-18T09:57:37","guid":{"rendered":"https:\/\/www.caririemacao.com\/1\/?p=174800"},"modified":"2020-06-18T06:57:37","modified_gmt":"2020-06-18T09:57:37","slug":"damares-lamenta-morte-de-nivaldo-manoel-e-diz-que-ex-deputado-lhe-mostrou-a-paraiba-na-minha-posse-de-ministra-ele-chorou-ele-me-honrou","status":"publish","type":"post","link":"https:\/\/www.caririemacao.com\/1\/2020\/06\/18\/damares-lamenta-morte-de-nivaldo-manoel-e-diz-que-ex-deputado-lhe-mostrou-a-paraiba-na-minha-posse-de-ministra-ele-chorou-ele-me-honrou\/","title":{"rendered":"Damares lamenta morte de Nivaldo Manoel e diz que ex-deputado lhe mostrou a Para\u00edba: &#8220;na minha posse de ministra, ele chorou, ele me honrou&#8221;"},"content":{"rendered":"\n<h1 class=\"wp-block-heading\"><\/h1>\n\n\n\n<p>A ministra da Mulher, da Fam\u00edlia e dos Direitos Humanos, Damares Alves, publicou uma homenagem ao ex-deputado paraibano Nivaldo Manoel, que morreu nessa ter\u00e7a-feira (15). Damares declarou, nas redes sociais, que o pastor &#8220;voltou ao Senhor&#8221; e que ele era &#8220;engajado nas causas sociais&#8221; e &#8220;tinha como miss\u00e3o defender a vida, a fam\u00edlia e a f\u00e9&#8221;.<\/p>\n\n\n\n<p>Damares disse, em publica\u00e7\u00e3o, que Nivaldo Manoel &#8220;era um parlamentar s\u00e9rio, um crist\u00e3o respeit\u00e1vel e um cidad\u00e3o honesto. Na minha posse de ministra, ele chorou, ele me honrou! Foi ele quem me mostrou, primeiro, as belezas do estado da Para\u00ecba. Quantas lembran\u00e7as boas v\u00eam a minha mente. Deixo registrado aqui a homenagem desta que, hoje, est\u00e1 ministra mas \u00e0 quem ele tratava como filha. \u00c0 minha amiga vereadora @vereadoraeliza e \u00e0 todos os familiares e amigos, o meu forte abra\u00e7o. N\u00e3o posso estar com voc\u00eas, fisicamente, mas esta filha e pastora est\u00e1 com voc\u00eas em ora\u00e7\u00e3o.&#8221;<\/p>\n","protected":false},"excerpt":{"rendered":"<p>A ministra da Mulher, da Fam\u00edlia e dos Direitos Humanos, Damares Alves, publicou uma homenagem ao ex-deputado paraibano Nivaldo Manoel, que morreu nessa ter\u00e7a-feira (15).&hellip; <\/p>\n","protected":false},"author":2,"featured_media":174801,"comment_status":"closed","ping_status":"closed","sticky":false,"template":"","format":"standard","meta":{"sfsi_plus_gutenberg_text_before_share":"","sfsi_plus_gutenberg_show_text_before_share":"","sfsi_plus_gutenberg_icon_type":"","sfsi_plus_gutenberg_icon_alignemt":"","sfsi_plus_gutenburg_max_per_row":"","footnotes":""},"categories":[11],"tags":[],"class_list":["post-174800","post","type-post","status-publish","format-standard","has-post-thumbnail","hentry","category-politica"],"_links":{"self":[{"href":"https:\/\/www.caririemacao.com\/1\/wp-json\/wp\/v2\/posts\/174800","targetHints":{"allow":["GET"]}}],"collection":[{"href":"https:\/\/www.caririemacao.com\/1\/wp-json\/wp\/v2\/posts"}],"about":[{"href":"https:\/\/www.caririemacao.com\/1\/wp-json\/wp\/v2\/types\/post"}],"author":[{"embeddable":true,"href":"https:\/\/www.caririemacao.com\/1\/wp-json\/wp\/v2\/users\/2"}],"replies":[{"embeddable":true,"href":"https:\/\/www.caririemacao.com\/1\/wp-json\/wp\/v2\/comments?post=174800"}],"version-history":[{"count":1,"href":"https:\/\/www.caririemacao.com\/1\/wp-json\/wp\/v2\/posts\/174800\/revisions"}],"predecessor-version":[{"id":174802,"href":"https:\/\/www.caririemacao.com\/1\/wp-json\/wp\/v2\/posts\/174800\/revisions\/174802"}],"wp:featuredmedia":[{"embeddable":true,"href":"https:\/\/www.caririemacao.com\/1\/wp-json\/wp\/v2\/media\/174801"}],"wp:attachment":[{"href":"https:\/\/www.caririemacao.com\/1\/wp-json\/wp\/v2\/media?parent=174800"}],"wp:term":[{"taxonomy":"category","embeddable":true,"href":"https:\/\/www.caririemacao.com\/1\/wp-json\/wp\/v2\/categories?post=174800"},{"taxonomy":"post_tag","embeddable":true,"href":"https:\/\/www.caririemacao.com\/1\/wp-json\/wp\/v2\/tags?post=174800"}],"curies":[{"name":"wp","href":"https:\/\/api.w.org\/{rel}","templated":true}]}}