{"id":174804,"date":"2020-06-18T06:59:31","date_gmt":"2020-06-18T09:59:31","guid":{"rendered":"https:\/\/www.caririemacao.com\/1\/?p=174804"},"modified":"2020-06-18T06:59:31","modified_gmt":"2020-06-18T09:59:31","slug":"tjpb-destinou-mais-de-r-46-milhoes-para-o-enfrentamento-da-pandemia-no-estado","status":"publish","type":"post","link":"https:\/\/www.caririemacao.com\/1\/2020\/06\/18\/tjpb-destinou-mais-de-r-46-milhoes-para-o-enfrentamento-da-pandemia-no-estado\/","title":{"rendered":"TJPB destinou mais de R$ 4,6 milh\u00f5es para o enfrentamento da pandemia no Estado"},"content":{"rendered":"\n<h1 class=\"wp-block-heading\"><\/h1>\n\n\n\n<p>Dados disponibilizados nessa ter\u00e7a-feira (16) pelo Painel de Produtividade Semanal \u2013 Covid\/CNJ, registrou o Tribunal de Justi\u00e7a da Para\u00edba como o 2\u00ba no ranking dos tribunais de pequeno porte que mais contribuiram com doa\u00e7\u00f5es para o combate a covid-19. O TJPB j\u00e1 contabilizou R$ 4.644.738,95 para a aquisi\u00e7\u00e3o de recursos como&nbsp;equipamentos m\u00e9dicos, servi\u00e7os, trabalho de preven\u00e7\u00e3o e atendimento aos infectados.&nbsp;<\/p>\n\n\n\n<p>As verbas s\u00e3o decorrentes de penas pecuni\u00e1rias, transa\u00e7\u00f5es penais e suspens\u00e3o condicional do processo nas a\u00e7\u00f5es criminais, e t\u00eam origem em unidades de todo o Estado, conforme atestou a Ger\u00eancia de Pesquisas Estat\u00edsticas do TJPB. At\u00e9 o momento, existem valores oriundos, tamb\u00e9m, de processos da Opera\u00e7\u00e3o Calv\u00e1rio e de Varas de Jo\u00e3o Pessoa, Campina Grande, Concei\u00e7\u00e3o, Monteiro, Pocinhos, Pombal, Serra Branca, Itabaiana, Patos, Pianc\u00f3, Sol\u00e2nea, Uira\u00fana e Alagoa Grande.<\/p>\n\n\n\n<p>A medida foi viabilizada por meio do Ato Conjunto n\u00ba 05\/2020 do TJPB\/CGJ, publicado no Di\u00e1rio da Justi\u00e7a eletr\u00f4nico do dia 31 de mar\u00e7o de 2020, que permitiu a doa\u00e7\u00e3o dos recursos financeiros com esta finalidade.<\/p>\n\n\n\n<p>Na primeira semana observada (16\/03 a 22\/03), foram destinados R$ 399 mil pelo TJPB. Na segunda semana, n\u00e3o houve destina\u00e7\u00e3o. Na terceira (30\/03 a 05\/04), foram R$ 3.013.960,50 voltados para combate \u00e0 doen\u00e7a, seguida de R$ 841 mil encaminhados na quarta semana (06\/04 a 12\/04). Na quinta (13\/04 a 19\/04), um total de R$ 74.725,76 foi reservado para a causa, n\u00famero que voltou a aumentar na sexta semana (20 a 26\/04), quando o valor foi de R$ 107.589,35. Na s\u00e9tima semana (27\/04 a 03\/05) n\u00e3o foi registrada disponibiliza\u00e7\u00e3o de recursos e na oitava, foi contabilizado R$ 4.486.275,61. Na 9\u00aa (11 a 17 de maio), um total de R$ 80.520,00 foi encaminhado para a conten\u00e7\u00e3o das consequ\u00eancias da Covid na sociedade paraibana. A 10\u00aa semana (18 a 25 de maio) foi marcada pelo encaminhamento de R$ 20 mil voltados \u00e0 quest\u00e3o. Na 11\u00aa (26 a 31 de maio), foram R$ 53.926,50. Na 12\u00aa semana houve doa\u00e7\u00e3o de R$ 600,00. Na 13\u00aa, n\u00e3o houve registro.<\/p>\n","protected":false},"excerpt":{"rendered":"<p>Dados disponibilizados nessa ter\u00e7a-feira (16) pelo Painel de Produtividade Semanal \u2013 Covid\/CNJ, registrou o Tribunal de Justi\u00e7a da Para\u00edba como o 2\u00ba no ranking dos&hellip; <\/p>\n","protected":false},"author":2,"featured_media":174805,"comment_status":"closed","ping_status":"closed","sticky":false,"template":"","format":"standard","meta":{"sfsi_plus_gutenberg_text_before_share":"","sfsi_plus_gutenberg_show_text_before_share":"","sfsi_plus_gutenberg_icon_type":"","sfsi_plus_gutenberg_icon_alignemt":"","sfsi_plus_gutenburg_max_per_row":"","footnotes":""},"categories":[2],"tags":[],"class_list":["post-174804","post","type-post","status-publish","format-standard","has-post-thumbnail","hentry","category-geral"],"_links":{"self":[{"href":"https:\/\/www.caririemacao.com\/1\/wp-json\/wp\/v2\/posts\/174804","targetHints":{"allow":["GET"]}}],"collection":[{"href":"https:\/\/www.caririemacao.com\/1\/wp-json\/wp\/v2\/posts"}],"about":[{"href":"https:\/\/www.caririemacao.com\/1\/wp-json\/wp\/v2\/types\/post"}],"author":[{"embeddable":true,"href":"https:\/\/www.caririemacao.com\/1\/wp-json\/wp\/v2\/users\/2"}],"replies":[{"embeddable":true,"href":"https:\/\/www.caririemacao.com\/1\/wp-json\/wp\/v2\/comments?post=174804"}],"version-history":[{"count":1,"href":"https:\/\/www.caririemacao.com\/1\/wp-json\/wp\/v2\/posts\/174804\/revisions"}],"predecessor-version":[{"id":174806,"href":"https:\/\/www.caririemacao.com\/1\/wp-json\/wp\/v2\/posts\/174804\/revisions\/174806"}],"wp:featuredmedia":[{"embeddable":true,"href":"https:\/\/www.caririemacao.com\/1\/wp-json\/wp\/v2\/media\/174805"}],"wp:attachment":[{"href":"https:\/\/www.caririemacao.com\/1\/wp-json\/wp\/v2\/media?parent=174804"}],"wp:term":[{"taxonomy":"category","embeddable":true,"href":"https:\/\/www.caririemacao.com\/1\/wp-json\/wp\/v2\/categories?post=174804"},{"taxonomy":"post_tag","embeddable":true,"href":"https:\/\/www.caririemacao.com\/1\/wp-json\/wp\/v2\/tags?post=174804"}],"curies":[{"name":"wp","href":"https:\/\/api.w.org\/{rel}","templated":true}]}}