{"id":174808,"date":"2020-06-18T07:10:23","date_gmt":"2020-06-18T10:10:23","guid":{"rendered":"https:\/\/www.caririemacao.com\/1\/?p=174808"},"modified":"2020-06-18T07:10:23","modified_gmt":"2020-06-18T10:10:23","slug":"taxa-de-imunidade-ao-covid-19-na-paraiba-e-de-21-e-considerada-baixa-diz-secretario","status":"publish","type":"post","link":"https:\/\/www.caririemacao.com\/1\/2020\/06\/18\/taxa-de-imunidade-ao-covid-19-na-paraiba-e-de-21-e-considerada-baixa-diz-secretario\/","title":{"rendered":"Taxa de imunidade ao Covid-19 na Para\u00edba \u00e9 de 21% e considerada baixa, diz secret\u00e1rio"},"content":{"rendered":"\n<h3 class=\"wp-block-heading\"><\/h3>\n\n\n\n<p><\/p>\n\n\n\n<hr class=\"wp-block-separator\"\/>\n\n\n\n<p>O secret\u00e1rio executivo de gest\u00e3o de redes de sa\u00fade,&nbsp;<strong>Daniel Beltrammi<\/strong>, esteve em Patos hoje (17) onde visitou o Complexo Hospitalar Regional Deputado Janduhy Carneiro, que \u00e9 uma das refer\u00eancias no tratamento do&nbsp;<a href=\"https:\/\/wscom.com.br\/paraiba-se-aproxima-das-700-mortes-e-chega-a-317-mil-casos-de-covid-19\/\" target=\"_blank\" rel=\"noreferrer noopener\">Covid-19<\/a>. Ele lembrou que, infelizmente, a taxa de imunidade da popula\u00e7\u00e3o paraibana ainda \u00e9 baixa, de apenas 21%, mas que n\u00e3o d\u00e1 para acelerar esse n\u00famero.<\/p>\n\n\n\n<p>\u201c21% significa que 79% dos paraibanos ainda n\u00e3o tiveram contato com o v\u00edrus e eles n\u00e3o podem ficar doentes ao mesmo tempo, porque se eles ficarem doentes ao mesmo tempo, 20% necessitar\u00e3o de hospital e isso iria colapsar o sistema de atendimento de sa\u00fade\u201d, afirmou ele, finalizando o apelo de que todos precisam dar sua colabora\u00e7\u00e3o nestes tempos de pandemia. \u201cA gente est\u00e1 aqui fora, sa\u00eddo de casa, deixando as nossas fam\u00edlias para cuidar de sua sa\u00fade, ent\u00e3o, por favor, valorize esse gesto que a gente est\u00e1 fazendo por voc\u00eas, cuidando muito de voc\u00ea e dos seus, tudo isso vai passar, vai ficar tudo bem, mas, isso depende muito de todos n\u00f3s\u201d, declarou.<\/p>\n\n\n\n<p>Na agenda com a Imprensa, o secret\u00e1rio falou das medidas que ainda precisam ser preservadas a fim de reduzir a contamina\u00e7\u00e3o de mais pessoas, das prioridades da sa\u00fade, da pr\u00e1tica de atendimento aos pacientes com Covid-19 e defendeu a continuidade das medidas de isolamento social. \u201cN\u00e3o podemos retomar as atividades de maneira normal neste momento. N\u00f3s n\u00e3o recomendamos isso agora, pois o momento n\u00e3o permite esse retorno. Quando for o momento a Secretaria de Sa\u00fade, a Controladoria do Estado e demais \u00f3rg\u00e3os envolvidos no combate a pandemia v\u00e3o apresentar os protocolos espec\u00edficos para retomada gradual das atividades\u201d, disse o secret\u00e1rio.<\/p>\n\n\n\n<p>\u201cDesde o primeiro protocolo de cuidados da Covid, em mar\u00e7o, j\u00e1 havia uma forte indica\u00e7\u00e3o pelo uso de corticoides no tratamento de pacientes com coronav\u00edrus. Agora em maio, a nossa nova vers\u00e3o de tratamento j\u00e1 incorpora a dexametazona e outros corticoides para o tratamento de pacientes com uso do oxig\u00eanio e daqueles que est\u00e3o intubados, isso evidencia que nosso Estado sempre utilizou a melhor evid\u00eancia e as melhores pr\u00e1ticas para Covid como se pode observar neste \u00faltimo estudo da Universidade de Oxford\u201d, disse sobre o tratamento da doen\u00e7a.<\/p>\n\n\n\n<p>O secret\u00e1rio lembrou ainda que o cen\u00e1rio da pandemia est\u00e1 sendo conhecido na medida em que ele acontece, \u00e9 altamente diversificado e complexo e que h\u00e1 movimentos diferentes em cada local que ele se apresenta, mas,que a Para\u00edba est\u00e1 numa boa posi\u00e7\u00e3o porque colocou um plano de combate ao Covid-19 mais cedo que outros locais. \u201cHoje, n\u00f3s percebemos que ter come\u00e7ado cedo fez toda a diferen\u00e7a, porque a gente p\u00f4de, identificar as fraquezas a tempo, trabalh\u00e1-las para quando n\u00f3s come\u00e7amos a precisar pud\u00e9ssemos dispor de uma rede mais estruturada\u201d, disse ele, lembrando que o maior desafio que quem faz gest\u00e3o de sa\u00fade, principalmente, num momento como esse \u00e9 a solid\u00e3o. \u201cSe tem uma coisa que a gente se orgulha aqui na Para\u00edba \u00e9 a uni\u00e3o de todos que integram a gest\u00e3o de sa\u00fade, isso falando como um todo da Secretaria de Sa\u00fade, da intelig\u00eancia sanit\u00e1ria paraibana, de todos que integram as redes de apoio, \u00e9 que estamos todos unidos e isso faz toda a diferen\u00e7a. N\u00f3s estamos com as m\u00e3os dadas para atravessar essa tempestade\u201d, destacou o secret\u00e1rio, lembrando do apoio da ALPB e dos deputados paraibanos que, independente, de posi\u00e7\u00f5es pol\u00edticas est\u00e3o unidos tamb\u00e9m nessa luta.<\/p>\n\n\n\n<p>Sobre os testes de Covid disponibilizados pelo Estado, o secret\u00e1rio informou que o Governo adquiriu 413 mil testes e a cidade de Patos recebeu 5.100 kits. Destes, 2.827 testes, o equivalente a 55% do total disponibilizado j\u00e1 foi utilizado, restando 45% dos testes dispon\u00edveis para a popula\u00e7\u00e3o patoense. Dos 5.100 testes disponibilizados para Patos, foram realizados no Complexo de Patos outros 1.309 testes, dos quais 236 deram positivos para Covid-19 e 1.068 negativos. Sobre a distribui\u00e7\u00e3o dos testes para os demais munic\u00edpios, Daniel Beltrammi afirmou que todas as 223 cidades paraibanas receberam testes para o Covid-19 e que todos os profissionais de sa\u00fade que atuam nas unidades de sa\u00fade do Estado ser\u00e3o testados. Ele ressaltou que a prioridade neste momento \u00e9 levar a testagem at\u00e9 a Aten\u00e7\u00e3o Prim\u00e1ria, nas unidades b\u00e1sicas de sa\u00fade. \u201cIsso \u00e9 fundamental para saber como o v\u00edrus est\u00e1 circulando e projetar quantos casos novos teremos todos os dias e quais a\u00e7\u00f5es tomar a partir da\u00ed\u201d, afirmou ele.<\/p>\n\n\n\n<p><strong>Completo de Patos<\/strong><\/p>\n\n\n\n<p>Ao visitar o Complexo que, recentemente, abriu dez novos leitos de UTI direcionados exclusivamente para os doentes com coronav\u00edrus, o secret\u00e1rio conversou com os integrantes da equipe gestora da unidade, ouviu os pleitos dos profissionais no sentido de melhorar, ainda mais, a assist\u00eancia aos pacientes, visitou os espa\u00e7os de atendimento do Covid, incluindo, a nova UTI, conversou com m\u00e9dicos e enfermeiros, esteve no Hospital do Bem e, em seguida, se reuniu com a Imprensa para detalhar a\u00e7\u00f5es, delibera\u00e7\u00f5es e provid\u00eancias do Governo do Estado no enfrentamento desta pandemia. \u201cA visita foi muito produtiva, o secret\u00e1rio p\u00f4de avaliar os avan\u00e7os que aconteceram no Janduhy, avan\u00e7os estes que j\u00e1 est\u00e3o acontecendo e \u00e0 disposi\u00e7\u00e3o da popula\u00e7\u00e3o, visitamos tamb\u00e9m o Hospital do Bem, que j\u00e1 est\u00e1 com sua plataforma de eleva\u00e7\u00e3o e encontra-se em obras no primeiro piso para amplia\u00e7\u00e3o de 30 leitos para pacientes atendidos com outras enfermidades, al\u00e9m dos cuidados oncol\u00f3gicos\u201d, destacou a diretora geral do Complexo, Liliane Sena.<\/p>\n","protected":false},"excerpt":{"rendered":"<p>O secret\u00e1rio executivo de gest\u00e3o de redes de sa\u00fade,&nbsp;Daniel Beltrammi, esteve em Patos hoje (17) onde visitou o Complexo Hospitalar Regional Deputado Janduhy Carneiro, que&hellip; <\/p>\n","protected":false},"author":2,"featured_media":174809,"comment_status":"closed","ping_status":"closed","sticky":false,"template":"","format":"standard","meta":{"sfsi_plus_gutenberg_text_before_share":"","sfsi_plus_gutenberg_show_text_before_share":"","sfsi_plus_gutenberg_icon_type":"","sfsi_plus_gutenberg_icon_alignemt":"","sfsi_plus_gutenburg_max_per_row":"","footnotes":""},"categories":[2],"tags":[],"class_list":["post-174808","post","type-post","status-publish","format-standard","has-post-thumbnail","hentry","category-geral"],"_links":{"self":[{"href":"https:\/\/www.caririemacao.com\/1\/wp-json\/wp\/v2\/posts\/174808","targetHints":{"allow":["GET"]}}],"collection":[{"href":"https:\/\/www.caririemacao.com\/1\/wp-json\/wp\/v2\/posts"}],"about":[{"href":"https:\/\/www.caririemacao.com\/1\/wp-json\/wp\/v2\/types\/post"}],"author":[{"embeddable":true,"href":"https:\/\/www.caririemacao.com\/1\/wp-json\/wp\/v2\/users\/2"}],"replies":[{"embeddable":true,"href":"https:\/\/www.caririemacao.com\/1\/wp-json\/wp\/v2\/comments?post=174808"}],"version-history":[{"count":1,"href":"https:\/\/www.caririemacao.com\/1\/wp-json\/wp\/v2\/posts\/174808\/revisions"}],"predecessor-version":[{"id":174810,"href":"https:\/\/www.caririemacao.com\/1\/wp-json\/wp\/v2\/posts\/174808\/revisions\/174810"}],"wp:featuredmedia":[{"embeddable":true,"href":"https:\/\/www.caririemacao.com\/1\/wp-json\/wp\/v2\/media\/174809"}],"wp:attachment":[{"href":"https:\/\/www.caririemacao.com\/1\/wp-json\/wp\/v2\/media?parent=174808"}],"wp:term":[{"taxonomy":"category","embeddable":true,"href":"https:\/\/www.caririemacao.com\/1\/wp-json\/wp\/v2\/categories?post=174808"},{"taxonomy":"post_tag","embeddable":true,"href":"https:\/\/www.caririemacao.com\/1\/wp-json\/wp\/v2\/tags?post=174808"}],"curies":[{"name":"wp","href":"https:\/\/api.w.org\/{rel}","templated":true}]}}