{"id":174815,"date":"2020-06-18T07:46:50","date_gmt":"2020-06-18T10:46:50","guid":{"rendered":"https:\/\/www.caririemacao.com\/1\/?p=174815"},"modified":"2020-06-18T07:46:50","modified_gmt":"2020-06-18T10:46:50","slug":"fabricio-queiroz-ex-assessor-de-flavio-bolsonaro-e-preso-no-interior-de-sp","status":"publish","type":"post","link":"https:\/\/www.caririemacao.com\/1\/2020\/06\/18\/fabricio-queiroz-ex-assessor-de-flavio-bolsonaro-e-preso-no-interior-de-sp\/","title":{"rendered":"Fabr\u00edcio Queiroz, ex-assessor de Fl\u00e1vio Bolsonaro, \u00e9 preso no interior de SP"},"content":{"rendered":"\n<p>Fabr\u00edcio Queiroz, ex-assessor e ex-motorista do senador Fl\u00e1vio Bolsonaro (Republicanos-RJ), foi preso em Atibaia, interior de S\u00e3o Paulo, na manh\u00e3 desta quinta-feira (18).<\/p>\n\n\n\n<figure class=\"wp-block-image size-large\"><img fetchpriority=\"high\" decoding=\"async\" width=\"1024\" height=\"576\" src=\"https:\/\/www.caririemacao.com\/1\/wp-content\/uploads\/2020\/06\/frame-01-11-06.674-1024x576.jpg\" alt=\"\" class=\"wp-image-174818\" srcset=\"https:\/\/www.caririemacao.com\/1\/wp-content\/uploads\/2020\/06\/frame-01-11-06.674-1024x576.jpg 1024w, https:\/\/www.caririemacao.com\/1\/wp-content\/uploads\/2020\/06\/frame-01-11-06.674-300x169.jpg 300w, https:\/\/www.caririemacao.com\/1\/wp-content\/uploads\/2020\/06\/frame-01-11-06.674-768x432.jpg 768w, https:\/\/www.caririemacao.com\/1\/wp-content\/uploads\/2020\/06\/frame-01-11-06.674.jpg 1080w\" sizes=\"(max-width: 1024px) 100vw, 1024px\" \/><\/figure>\n\n\n\n<p>Queiroz estava em um im\u00f3vel de Frederick Wasseff, advogado do parlamentar, e foi levado para unidade da Pol\u00edcia Civil no Centro da capital paulista, onde dever\u00e1 passar por exame de corpo de delito.<\/p>\n\n\n\n<p>Policial Militar aposentado, Queiroz movimentou R$ 1,2 milh\u00e3o em sua conta de maneira considerada &#8220;at\u00edpica&#8221;, segundo relat\u00f3rio do antigo Conselho de Atividades Financeiras (Coaf). Ele trabalhou para o filho do presidente Jair Bolsonaro antes de Fl\u00e1vio tomar posse como senador, no per\u00edodo em que ele era deputado estadual no Rio.<\/p>\n\n\n\n<p>Fabr\u00edcio Queiroz em foto com Fl\u00e1vio Bolsonaro \u2014 Foto: Reprodu\u00e7\u00e3o\/JN<\/p>\n\n\n\n<p>At\u00e9 por volta de 7h10, o&nbsp;<strong>G1<\/strong>&nbsp;tentava contato com a defesa de Queiroz.<\/p>\n\n\n\n<figure class=\"wp-block-image\"><img decoding=\"async\" data-src=\"https:\/\/s02.video.glbimg.com\/x240\/8634213.jpg\" alt=\"Fabr\u00edcio Queiroz \u00e9 preso em a\u00e7\u00e3o da Pol\u00edcia Civil, em Atibaia\" title=\"Fabr\u00edcio Queiroz \u00e9 preso em a\u00e7\u00e3o da Pol\u00edcia Civil, em Atibaia\" src=\"data:image\/svg+xml;base64,PHN2ZyB3aWR0aD0iMSIgaGVpZ2h0PSIxIiB4bWxucz0iaHR0cDovL3d3dy53My5vcmcvMjAwMC9zdmciPjwvc3ZnPg==\" class=\"lazyload\" \/><\/figure>\n\n\n\n<p>&#8211;:&#8211;\/&#8211;:&#8211;<\/p>\n\n\n\n<p>Fabr\u00edcio Queiroz \u00e9 preso em a\u00e7\u00e3o da Pol\u00edcia Civil, em Atibaia<\/p>\n\n\n\n<p>Os mandados de busca e apreens\u00e3o e de pris\u00e3o contra Queiroz foram expedidos pela justi\u00e7a do Rio de Janeiro, num desdobramento da investiga\u00e7\u00e3o que apura esquema de &#8220;rachadinha&#8221; na Assembleia Legislativa do Rio de Janeiro (Alerj). A pris\u00e3o foi feita numa opera\u00e7\u00e3o da Pol\u00edcia Civil e o Minist\u00e9rio P\u00fablico de S\u00e3o Paulo.<\/p>\n\n\n\n<p>No Rio, a\u00a0Pol\u00edcia Civil faz buscas em um im\u00f3vel\u00a0que consta da rela\u00e7\u00e3o de bens do presidente Jair Bolsonaro, em Bento Ribeiro, Zona Norte da capital fluminense.<\/p>\n\n\n\n<p>Queiroz foi assessor e motorista de Fl\u00e1vio Bolsonaro at\u00e9 outubro de 2018, quando foi exonerado. O procedimento investigat\u00f3rio criminal do Minist\u00e9rio P\u00fablico Estadual do RJ que apura as irregularidades envolvendo Queiroz na Alerj chegou a ser suspenso por decis\u00e3o do presidente do Supremo Tribunal Federal (STF), Dias Toffoli, ap\u00f3s pedidos de Fl\u00e1vio Bolsonaro em 2019.<\/p>\n\n\n\n<p>As investiga\u00e7\u00f5es envolvem um relat\u00f3rio do Coaf, que apontou opera\u00e7\u00f5es banc\u00e1rias suspeitas de 74 servidores e ex-servidores da Alerj. Recursos usados para pagar funcion\u00e1rios na Alerj voltavam para os pr\u00f3prios deputados estaduais.<\/p>\n\n\n\n<p>A movimenta\u00e7\u00e3o at\u00edpica de R$ 1,2 milh\u00e3o na conta de Queiroz ocorreu, segundo as investiga\u00e7\u00f5es, entre janeiro de 2016 e janeiro de 2017, incluindo dep\u00f3sitos e saques.<\/p>\n\n\n\n<p>Com G1<\/p>\n","protected":false},"excerpt":{"rendered":"<p>Fabr\u00edcio Queiroz, ex-assessor e ex-motorista do senador Fl\u00e1vio Bolsonaro (Republicanos-RJ), foi preso em Atibaia, interior de S\u00e3o Paulo, na manh\u00e3 desta quinta-feira (18). Queiroz estava&hellip; <\/p>\n","protected":false},"author":1,"featured_media":174816,"comment_status":"closed","ping_status":"closed","sticky":false,"template":"","format":"standard","meta":{"sfsi_plus_gutenberg_text_before_share":"","sfsi_plus_gutenberg_show_text_before_share":"","sfsi_plus_gutenberg_icon_type":"","sfsi_plus_gutenberg_icon_alignemt":"","sfsi_plus_gutenburg_max_per_row":"","footnotes":""},"categories":[50],"tags":[],"class_list":["post-174815","post","type-post","status-publish","format-standard","has-post-thumbnail","hentry","category-destaque"],"_links":{"self":[{"href":"https:\/\/www.caririemacao.com\/1\/wp-json\/wp\/v2\/posts\/174815","targetHints":{"allow":["GET"]}}],"collection":[{"href":"https:\/\/www.caririemacao.com\/1\/wp-json\/wp\/v2\/posts"}],"about":[{"href":"https:\/\/www.caririemacao.com\/1\/wp-json\/wp\/v2\/types\/post"}],"author":[{"embeddable":true,"href":"https:\/\/www.caririemacao.com\/1\/wp-json\/wp\/v2\/users\/1"}],"replies":[{"embeddable":true,"href":"https:\/\/www.caririemacao.com\/1\/wp-json\/wp\/v2\/comments?post=174815"}],"version-history":[{"count":1,"href":"https:\/\/www.caririemacao.com\/1\/wp-json\/wp\/v2\/posts\/174815\/revisions"}],"predecessor-version":[{"id":174819,"href":"https:\/\/www.caririemacao.com\/1\/wp-json\/wp\/v2\/posts\/174815\/revisions\/174819"}],"wp:featuredmedia":[{"embeddable":true,"href":"https:\/\/www.caririemacao.com\/1\/wp-json\/wp\/v2\/media\/174816"}],"wp:attachment":[{"href":"https:\/\/www.caririemacao.com\/1\/wp-json\/wp\/v2\/media?parent=174815"}],"wp:term":[{"taxonomy":"category","embeddable":true,"href":"https:\/\/www.caririemacao.com\/1\/wp-json\/wp\/v2\/categories?post=174815"},{"taxonomy":"post_tag","embeddable":true,"href":"https:\/\/www.caririemacao.com\/1\/wp-json\/wp\/v2\/tags?post=174815"}],"curies":[{"name":"wp","href":"https:\/\/api.w.org\/{rel}","templated":true}]}}