{"id":174824,"date":"2020-06-18T07:50:59","date_gmt":"2020-06-18T10:50:59","guid":{"rendered":"https:\/\/www.caririemacao.com\/1\/?p=174824"},"modified":"2020-06-18T07:50:59","modified_gmt":"2020-06-18T10:50:59","slug":"stf-rejeita-pedido-para-tirar-abraham-weintraub-do-inquerito-das-fake-news","status":"publish","type":"post","link":"https:\/\/www.caririemacao.com\/1\/2020\/06\/18\/stf-rejeita-pedido-para-tirar-abraham-weintraub-do-inquerito-das-fake-news\/","title":{"rendered":"STF rejeita pedido para tirar Abraham Weintraub do inqu\u00e9rito das fake news"},"content":{"rendered":"\n<p>Em reuni\u00e3o virtual, o Supremo Tribunal Federal rejeitou, por 9 votos a 1, um habeas corpus que tentava tirar o ministro da Educa\u00e7\u00e3o, Abraham\u00a0Weintraub, no inqu\u00e9rito das fake news. O pedido foi apresentado pelo ministro da Justi\u00e7a, Andr\u00e9 Mendon\u00e7a. O ministro da Corte Alexandre de Moraes se declarou impedido e n\u00e3o votou. Foi ele quem determinou a inclus\u00e3o de Weintraub entre os investigados.<\/p>\n\n\n\n<p>O chefe do MEC foi inclu\u00eddo por ter dito, na reuni\u00e3o ministerial de 22 de abril que, por ele, \u201cbotava esses vagabundos todos na cadeia, come\u00e7ando no STF\u201d. No mesmo inqu\u00e9rito o Supremo tamb\u00e9m investiga amea\u00e7as a ministros da Corte e outras autoridades.<\/p>\n\n\n\n<p>Votaram pela rejei\u00e7\u00e3o os ministros Edson Fachin, Dias Toffoli, Luiz Fux, Celso de Mello, Gilmar Mendes, C\u00e1rmen L\u00facia, Ricardo Lewandowski, Rosa Weber e Lu\u00eds Roberto Barroso. O ministro Marco Aur\u00e9lio Mello votou a favor de julgar o HC.<\/p>\n\n\n\n<p>Em maio, a Pol\u00edcia Federal deflagrou uma opera\u00e7\u00e3o para cumprir mandados de busca e apreens\u00e3o contra bolsonaristas acusados de fake news. A deputada federal Carla Zambelli (PSL-SP), que \u00e9 alvo da PF, amea\u00e7ou a Corte e pediu o \u201cimpeachment\u201d do respons\u00e1vel pela a\u00e7\u00e3o.<\/p>\n\n\n\n<p>Tamb\u00e9m na mira das investiga\u00e7\u00f5es, a militante bolsonarista Sara Winter amea\u00e7ou o ministro do STF Alexandre de Moraes, que autorizou a a\u00e7\u00e3o da PF e \u00e9 relator do inqu\u00e9rito sobre fake news. \u201cA gente vai descobrir os locais que voc\u00ea frequenta\u201d.<\/p>\n\n\n\n<p>Dentre os alvos da opera\u00e7\u00e3o est\u00e3o os empres\u00e1rios bolsonaristas Luciano Hang, dono da rede de lojas Havan e Edgard Corona, fundador da Smart Fit. A corpora\u00e7\u00e3o tamb\u00e9m investiga oito deputados bolsonaristas, dentre eles Carla Zambelli. O ex-deputado federal Roberto Jefferson \u00e9 outro investigado.<\/p>\n","protected":false},"excerpt":{"rendered":"<p>Em reuni\u00e3o virtual, o Supremo Tribunal Federal rejeitou, por 9 votos a 1, um habeas corpus que tentava tirar o ministro da Educa\u00e7\u00e3o, Abraham\u00a0Weintraub, no&hellip; <\/p>\n","protected":false},"author":2,"featured_media":174826,"comment_status":"closed","ping_status":"closed","sticky":false,"template":"","format":"standard","meta":{"sfsi_plus_gutenberg_text_before_share":"","sfsi_plus_gutenberg_show_text_before_share":"","sfsi_plus_gutenberg_icon_type":"","sfsi_plus_gutenberg_icon_alignemt":"","sfsi_plus_gutenburg_max_per_row":"","footnotes":""},"categories":[2],"tags":[],"class_list":["post-174824","post","type-post","status-publish","format-standard","has-post-thumbnail","hentry","category-geral"],"_links":{"self":[{"href":"https:\/\/www.caririemacao.com\/1\/wp-json\/wp\/v2\/posts\/174824","targetHints":{"allow":["GET"]}}],"collection":[{"href":"https:\/\/www.caririemacao.com\/1\/wp-json\/wp\/v2\/posts"}],"about":[{"href":"https:\/\/www.caririemacao.com\/1\/wp-json\/wp\/v2\/types\/post"}],"author":[{"embeddable":true,"href":"https:\/\/www.caririemacao.com\/1\/wp-json\/wp\/v2\/users\/2"}],"replies":[{"embeddable":true,"href":"https:\/\/www.caririemacao.com\/1\/wp-json\/wp\/v2\/comments?post=174824"}],"version-history":[{"count":1,"href":"https:\/\/www.caririemacao.com\/1\/wp-json\/wp\/v2\/posts\/174824\/revisions"}],"predecessor-version":[{"id":174827,"href":"https:\/\/www.caririemacao.com\/1\/wp-json\/wp\/v2\/posts\/174824\/revisions\/174827"}],"wp:featuredmedia":[{"embeddable":true,"href":"https:\/\/www.caririemacao.com\/1\/wp-json\/wp\/v2\/media\/174826"}],"wp:attachment":[{"href":"https:\/\/www.caririemacao.com\/1\/wp-json\/wp\/v2\/media?parent=174824"}],"wp:term":[{"taxonomy":"category","embeddable":true,"href":"https:\/\/www.caririemacao.com\/1\/wp-json\/wp\/v2\/categories?post=174824"},{"taxonomy":"post_tag","embeddable":true,"href":"https:\/\/www.caririemacao.com\/1\/wp-json\/wp\/v2\/tags?post=174824"}],"curies":[{"name":"wp","href":"https:\/\/api.w.org\/{rel}","templated":true}]}}