{"id":174829,"date":"2020-06-18T07:52:36","date_gmt":"2020-06-18T10:52:36","guid":{"rendered":"https:\/\/www.caririemacao.com\/1\/?p=174829"},"modified":"2020-06-18T07:52:36","modified_gmt":"2020-06-18T10:52:36","slug":"paraiba-tem-quase-5-mil-vagas-ofertadas-para-o-sisu-2020-2","status":"publish","type":"post","link":"https:\/\/www.caririemacao.com\/1\/2020\/06\/18\/paraiba-tem-quase-5-mil-vagas-ofertadas-para-o-sisu-2020-2\/","title":{"rendered":"Para\u00edba tem quase 5 mil vagas ofertadas para o Sisu 2020.2"},"content":{"rendered":"\n<p>A Para\u00edba tem quase 5 mil vagas dispon\u00edveis para serem ocupadas no Sistema de Sele\u00e7\u00e3o Unificada (Sisu) 2020.2, em tr\u00eas institui\u00e7\u00f5es p\u00fablicas. A Universidade Estadual da Para\u00edba (UEPB) lidera o n\u00famero de vagas com 2.929 oportunidades, seguida da Universidade Federal de Campina Grande (UFCG), com 1.535 vagas. J\u00e1 a Universidade Federal da Para\u00edba (UFPB) vai ofertar 523 vagas em cursos superiores pelo Sisu 2020.2. As tr\u00eas universidades correspondem ao total de 4.987 vagas dispon\u00edveis.<\/p>\n\n\n\n<p>Na ter\u00e7a-feira (16) o Minist\u00e9rio da Educa\u00e7\u00e3o (MEC) informou em nota um novo prazo para o processo seletivo: de 7 a 10 de julho, ap\u00f3s estudantes de diversas partes do pa\u00eds cobrarem, nas redes sociais, a mudan\u00e7a de data. O per\u00edodo de inscri\u00e7\u00e3o inicialmente divulgado come\u00e7aria nesta ter\u00e7a-feira (16) e seguira at\u00e9 19 de junho, \u00e0s 23h59. Segundo o governo, o edital dever\u00e1 ser divulgado no Di\u00e1rio Oficial da Uni\u00e3o nos pr\u00f3ximos dias.<\/p>\n\n\n\n<p>A Universidade Estadual da Para\u00edba (UEPB) vai ofertar 2.929 vagas na segunda edi\u00e7\u00e3o do Sistema de Sele\u00e7\u00e3o Unificada (Sisu) 2020, para ingresso no per\u00edodo letivo de 2020.2. As vagas ser\u00e3o distribu\u00eddas para os cursos de gradua\u00e7\u00e3o na modalidade presencial, em oito campi.<\/p>\n\n\n\n<p>A sele\u00e7\u00e3o para preenchimento das vagas disponibilizadas por meio do Sisu ser\u00e1 efetuada exclusivamente com base nos resultados das notas obtidas pelos estudantes no Exame Nacional do Ensino M\u00e9dio (Enem) em 2019. Os estudantes interessados em concorrer \u00e0s vagas disponibilizadas pela UEPB dever\u00e3o verificar as informa\u00e7\u00f5es do Termo de Ades\u00e3o da Institui\u00e7\u00e3o junto ao Sisu.<\/p>\n\n\n\n<p>A Universidade Federal de Campina Grande (UFCG) tamb\u00e9m publicou o termo de ades\u00e3o para os candidatos que desejam entrar na institui\u00e7\u00e3o por meio do Sistema de Sele\u00e7\u00e3o Unificada (Sisu) 2020.2. Ao todo, a institui\u00e7\u00e3o vai ofertar 1.535 vagas.<\/p>\n\n\n\n<p>De acordo com o termo de ades\u00e3o da UFCG, das vagas para o segundo semestre, 760 s\u00e3o de ampla concorr\u00eancia e 775 reservadas pela Lei de Cotas, distribu\u00eddas entre 35 cursos de gradua\u00e7\u00e3o presenciais em cinco campi da institui\u00e7\u00e3o: Campina Grande, Patos, Cajazeiras, Cuit\u00e9 e Pombal.<\/p>\n\n\n\n<p>A Universidade Federal da Para\u00edba (UFPB) vai disponibilizar 523 vagas na segunda edi\u00e7\u00e3o do Sistema de Sele\u00e7\u00e3o Unificada (Sisu) 2020, para ingresso no per\u00edodo letivo de 2020.2. As vagas ser\u00e3o distribu\u00eddas em 78 cursos de gradua\u00e7\u00e3o na modalidade presencial, nos quatro campi da institui\u00e7\u00e3o.<\/p>\n\n\n\n<p>O termo de ades\u00e3o, com n\u00famero de vagas, turno e local de cada curso, ser\u00e1 divulgado na p\u00e1gina da Pr\u00f3-reitoria de Gradua\u00e7\u00e3o (PRG), at\u00e9 o dia 15 de junho, de acordo com a pr\u00f3-reitora Ariane S\u00e1.<\/p>\n\n\n\n<p>J\u00e1 o Instituto Federal da Para\u00edba (IFPB) anunciou no dia 3 de junho que n\u00e3o vai aderir ao Sistema de Sele\u00e7\u00e3o Unificada (Sisu) para preencher as vagas em cursos de gradua\u00e7\u00e3o no segundo semestre de 2020. De acordo com o IFPB, a decis\u00e3o leva em considera\u00e7\u00e3o a situa\u00e7\u00e3o de emerg\u00eancia provocada pelo coronav\u00edrus, as dificuldades de gerenciamento do processo de matr\u00edcula por meio do Sisu e cumprimento do cronograma de execu\u00e7\u00e3o.<\/p>\n\n\n\n<p>A institui\u00e7\u00e3o informou que h\u00e1 mais de mil vagas dispon\u00edveis para o segundo semestre de 2020, mas ser\u00e3o preenchidas por meio de um processo seletivo institucional. Ainda n\u00e3o h\u00e1 data de publica\u00e7\u00e3o do edital deste processo.<\/p>\n\n\n\n<p>G1<\/p>\n","protected":false},"excerpt":{"rendered":"<p>A Para\u00edba tem quase 5 mil vagas dispon\u00edveis para serem ocupadas no Sistema de Sele\u00e7\u00e3o Unificada (Sisu) 2020.2, em tr\u00eas institui\u00e7\u00f5es p\u00fablicas. A Universidade Estadual&hellip; <\/p>\n","protected":false},"author":2,"featured_media":149896,"comment_status":"closed","ping_status":"closed","sticky":false,"template":"","format":"standard","meta":{"sfsi_plus_gutenberg_text_before_share":"","sfsi_plus_gutenberg_show_text_before_share":"","sfsi_plus_gutenberg_icon_type":"","sfsi_plus_gutenberg_icon_alignemt":"","sfsi_plus_gutenburg_max_per_row":"","footnotes":""},"categories":[50,14],"tags":[],"class_list":["post-174829","post","type-post","status-publish","format-standard","has-post-thumbnail","hentry","category-destaque","category-educacao"],"_links":{"self":[{"href":"https:\/\/www.caririemacao.com\/1\/wp-json\/wp\/v2\/posts\/174829","targetHints":{"allow":["GET"]}}],"collection":[{"href":"https:\/\/www.caririemacao.com\/1\/wp-json\/wp\/v2\/posts"}],"about":[{"href":"https:\/\/www.caririemacao.com\/1\/wp-json\/wp\/v2\/types\/post"}],"author":[{"embeddable":true,"href":"https:\/\/www.caririemacao.com\/1\/wp-json\/wp\/v2\/users\/2"}],"replies":[{"embeddable":true,"href":"https:\/\/www.caririemacao.com\/1\/wp-json\/wp\/v2\/comments?post=174829"}],"version-history":[{"count":1,"href":"https:\/\/www.caririemacao.com\/1\/wp-json\/wp\/v2\/posts\/174829\/revisions"}],"predecessor-version":[{"id":174832,"href":"https:\/\/www.caririemacao.com\/1\/wp-json\/wp\/v2\/posts\/174829\/revisions\/174832"}],"wp:featuredmedia":[{"embeddable":true,"href":"https:\/\/www.caririemacao.com\/1\/wp-json\/wp\/v2\/media\/149896"}],"wp:attachment":[{"href":"https:\/\/www.caririemacao.com\/1\/wp-json\/wp\/v2\/media?parent=174829"}],"wp:term":[{"taxonomy":"category","embeddable":true,"href":"https:\/\/www.caririemacao.com\/1\/wp-json\/wp\/v2\/categories?post=174829"},{"taxonomy":"post_tag","embeddable":true,"href":"https:\/\/www.caririemacao.com\/1\/wp-json\/wp\/v2\/tags?post=174829"}],"curies":[{"name":"wp","href":"https:\/\/api.w.org\/{rel}","templated":true}]}}