{"id":174834,"date":"2020-06-18T08:10:17","date_gmt":"2020-06-18T11:10:17","guid":{"rendered":"https:\/\/www.caririemacao.com\/1\/?p=174834"},"modified":"2020-06-18T08:10:17","modified_gmt":"2020-06-18T11:10:17","slug":"receita-aponta-erro-em-seu-proprio-sistema-como-provavel-causa-para-suspensao-no-repasse-do-fpm-para-prefeituras-paraibanas","status":"publish","type":"post","link":"https:\/\/www.caririemacao.com\/1\/2020\/06\/18\/receita-aponta-erro-em-seu-proprio-sistema-como-provavel-causa-para-suspensao-no-repasse-do-fpm-para-prefeituras-paraibanas\/","title":{"rendered":"Receita aponta erro em seu pr\u00f3prio sistema como prov\u00e1vel causa para suspens\u00e3o no repasse do FPM para prefeituras paraibanas"},"content":{"rendered":"\n<p>A Receita Federal est\u00e1 analisando uma falha no sistema interno&nbsp; que pode ter gerado o bloqueio do Fundo de Participa\u00e7\u00e3o dos Munic\u00edpios (FPM) de 92 prefeituras paraibanas. A informa\u00e7\u00e3o foi repassada pelo delegado da Receita em Campina Grande, Gilberto Mendes.<\/p>\n\n\n\n<p>Segundo o delegado, v\u00e1rios contadores das prefeituras afetadas acionaram a Receita, que est\u00e1 verificando qual falha pode ter ocasionado o bloqueio. Situa\u00e7\u00e3o similar tem sido verificada em outros Estados da Federa\u00e7\u00e3o, o que pode ser fruto de um erro de sistema em n\u00edvel nacional.<\/p>\n\n\n\n<p>Os gestores foram pegos de surpresa com a informa\u00e7\u00e3o que circulou na imprensa e repercutida at\u00e9 mesmo pela Confedera\u00e7\u00e3o Nacional de Munic\u00edpios (CNM).<\/p>\n\n\n\n<p>De acordo com a Confedera\u00e7\u00e3o, as reten\u00e7\u00f5es geralmente ocorrem porque o Munic\u00edpio deixou de cumprir obriga\u00e7\u00f5es correntes \u2013 patronal e\/ou segurado \u2013 e parcelamentos. Em caso de inadimpl\u00eancia ou atraso no pagamento do Programa de Integra\u00e7\u00e3o Social e o Programa de Forma\u00e7\u00e3o do Patrim\u00f4nio do Servidor P\u00fablico (Pasep), as prefeituras podem ter sua cota-parte do FPM bloqueada.<\/p>\n\n\n\n<p><strong>Cidades que tiveram FPM bloqueado segundo a Receita Federal:<\/strong><\/p>\n\n\n\n<ol class=\"wp-block-list\"><li>Alagoa Grande<\/li><li>Alagoinha<\/li><li>Alhandra<\/li><li>Amparo<\/li><li>Ara\u00e7agi<\/li><li>Areia<\/li><li>Assun\u00e7\u00e3o<\/li><li>Bananeiras<\/li><li>Barra de Santa Rosa<\/li><li>Barra de Santana<\/li><li>Barra de S\u00e3o Miguel<\/li><li>Bel\u00e9m<\/li><li>Boa Vista<\/li><li>Bonito de Santa F\u00e9<\/li><li>Boqueir\u00e3o<\/li><li>Borborema<\/li><li>Brejo dos Santos<\/li><li>Cajazeiras<\/li><li>Campina Grande<\/li><li>Carrapateira<\/li><li>Casserengue<\/li><li>Coremas<\/li><li>Cuit\u00e9<\/li><li>Cuit\u00e9 de Mamanguape<\/li><li>Cuitegi<\/li><li>Curral de Cima<\/li><li>Dami\u00e3o<\/li><li>Diamante<\/li><li>Esperan\u00e7a<\/li><li>Fagundes<\/li><li>Frei Martinho<\/li><li>Gado Bravo<\/li><li>Guarabira<\/li><li>Gurinh\u00e9m<\/li><li>Ing\u00e1<\/li><li>Itabaiana<\/li><li>Itaporanga<\/li><li>Itapororoca<\/li><li>Jo\u00e3o Pessoa<\/li><li>Joca Claudino<\/li><li>Juazeirinho<\/li><li>Lagoa de Dentro<\/li><li>Lagoa Seca<\/li><li>Livramento<\/li><li>Lucena<\/li><li>Mamanguape<\/li><li>Marca\u00e7\u00e3o<\/li><li>Mari<\/li><li>Mariz\u00f3polis<\/li><li>Mogeiro<\/li><li>Monte Horebe<\/li><li>Mulungu<\/li><li>Nova Floresta<\/li><li>Olho D\u2019\u00c1gua<\/li><li>Olivedos<\/li><li>Patos<\/li><li>Pedra Lavrada<\/li><li>Pedras de Fogo<\/li><li>Pedro R\u00e9gis<\/li><li>Picu\u00ed<\/li><li>Pilar<\/li><li>Pitimbu<\/li><li>Po\u00e7o de Jos\u00e9 de Moura<\/li><li>Pombal<\/li><li>Princesa Isabel<\/li><li>Puxinan\u00e3<\/li><li>Queimadas<\/li><li>Riach\u00e3o<\/li><li>Riach\u00e3o do Bacamarte<\/li><li>Riach\u00e3o do Po\u00e7o<\/li><li>Santa Cruz<\/li><li>Santa Rita<\/li><li>Santo Andr\u00e9<\/li><li>S\u00e3o Bento<\/li><li>S\u00e3o Jo\u00e3o do Tigre<\/li><li>S\u00e3o Jos\u00e9 de Piranhas<\/li><li>S\u00e3o Jos\u00e9 dos Cordeiros<\/li><li>S\u00e3o Jos\u00e9 dos Ramos<\/li><li>S\u00e3o Mamede<\/li><li>S\u00e3o Miguel de Taipu<\/li><li>S\u00e3o Sebasti\u00e3o de Lagoa de Ro\u00e7a<\/li><li>Sap\u00e9<\/li><li>Serid\u00f3<\/li><li>Serra Branca<\/li><li>Serra da Raiz<\/li><li>Serraria<\/li><li>Sobrado<\/li><li>Sol\u00e2nea<\/li><li>Sossego<\/li><li>Tacima<\/li><li>Teixeira<\/li><li>Umbuzeiro<\/li><\/ol>\n","protected":false},"excerpt":{"rendered":"<p>A Receita Federal est\u00e1 analisando uma falha no sistema interno&nbsp; que pode ter gerado o bloqueio do Fundo de Participa\u00e7\u00e3o dos Munic\u00edpios (FPM) de 92&hellip; <\/p>\n","protected":false},"author":2,"featured_media":169636,"comment_status":"closed","ping_status":"closed","sticky":false,"template":"","format":"standard","meta":{"sfsi_plus_gutenberg_text_before_share":"","sfsi_plus_gutenberg_show_text_before_share":"","sfsi_plus_gutenberg_icon_type":"","sfsi_plus_gutenberg_icon_alignemt":"","sfsi_plus_gutenburg_max_per_row":"","footnotes":""},"categories":[2],"tags":[],"class_list":["post-174834","post","type-post","status-publish","format-standard","has-post-thumbnail","hentry","category-geral"],"_links":{"self":[{"href":"https:\/\/www.caririemacao.com\/1\/wp-json\/wp\/v2\/posts\/174834","targetHints":{"allow":["GET"]}}],"collection":[{"href":"https:\/\/www.caririemacao.com\/1\/wp-json\/wp\/v2\/posts"}],"about":[{"href":"https:\/\/www.caririemacao.com\/1\/wp-json\/wp\/v2\/types\/post"}],"author":[{"embeddable":true,"href":"https:\/\/www.caririemacao.com\/1\/wp-json\/wp\/v2\/users\/2"}],"replies":[{"embeddable":true,"href":"https:\/\/www.caririemacao.com\/1\/wp-json\/wp\/v2\/comments?post=174834"}],"version-history":[{"count":1,"href":"https:\/\/www.caririemacao.com\/1\/wp-json\/wp\/v2\/posts\/174834\/revisions"}],"predecessor-version":[{"id":174835,"href":"https:\/\/www.caririemacao.com\/1\/wp-json\/wp\/v2\/posts\/174834\/revisions\/174835"}],"wp:featuredmedia":[{"embeddable":true,"href":"https:\/\/www.caririemacao.com\/1\/wp-json\/wp\/v2\/media\/169636"}],"wp:attachment":[{"href":"https:\/\/www.caririemacao.com\/1\/wp-json\/wp\/v2\/media?parent=174834"}],"wp:term":[{"taxonomy":"category","embeddable":true,"href":"https:\/\/www.caririemacao.com\/1\/wp-json\/wp\/v2\/categories?post=174834"},{"taxonomy":"post_tag","embeddable":true,"href":"https:\/\/www.caririemacao.com\/1\/wp-json\/wp\/v2\/tags?post=174834"}],"curies":[{"name":"wp","href":"https:\/\/api.w.org\/{rel}","templated":true}]}}