{"id":174837,"date":"2020-06-18T08:12:41","date_gmt":"2020-06-18T11:12:41","guid":{"rendered":"https:\/\/www.caririemacao.com\/1\/?p=174837"},"modified":"2020-06-18T08:12:41","modified_gmt":"2020-06-18T11:12:41","slug":"sao-joao-do-tigre-registra-segundo-caso-confirmado-de-coronavirus","status":"publish","type":"post","link":"https:\/\/www.caririemacao.com\/1\/2020\/06\/18\/sao-joao-do-tigre-registra-segundo-caso-confirmado-de-coronavirus\/","title":{"rendered":"S\u00e3o Jo\u00e3o do Tigre registra segundo caso confirmado de coronav\u00edrus"},"content":{"rendered":"\n<p>A Secretaria Municipal de Sa\u00fade do munic\u00edpio de S\u00e3o Jo\u00e3o do Tigre informa que nesta quarta-feira, foi confirmado o segundo caso positivo para o Covid-19.<\/p>\n\n\n\n<p>Trata-se de uma uma pessoa do sexo feminino, de 52 anos, diab\u00e9tica, que vem apresentando sintomas leves e permanece em isolamento domiciliar.<\/p>\n\n\n\n<p>Refor\u00e7amos a import\u00e2ncia de toda popula\u00e7\u00e3o seguir as orienta\u00e7\u00f5es da Secretaria de Sa\u00fade mantendo o distanciamento social, o uso de m\u00e1scaras e higieniza\u00e7\u00e3o das m\u00e3os.<\/p>\n","protected":false},"excerpt":{"rendered":"<p>A Secretaria Municipal de Sa\u00fade do munic\u00edpio de S\u00e3o Jo\u00e3o do Tigre informa que nesta quarta-feira, foi confirmado o segundo caso positivo para o Covid-19.&hellip; <\/p>\n","protected":false},"author":2,"featured_media":174838,"comment_status":"closed","ping_status":"closed","sticky":false,"template":"","format":"standard","meta":{"sfsi_plus_gutenberg_text_before_share":"","sfsi_plus_gutenberg_show_text_before_share":"","sfsi_plus_gutenberg_icon_type":"","sfsi_plus_gutenberg_icon_alignemt":"","sfsi_plus_gutenburg_max_per_row":"","footnotes":""},"categories":[6,89],"tags":[],"class_list":["post-174837","post","type-post","status-publish","format-standard","has-post-thumbnail","hentry","category-cidades","category-sao-joao-do-tigre"],"_links":{"self":[{"href":"https:\/\/www.caririemacao.com\/1\/wp-json\/wp\/v2\/posts\/174837","targetHints":{"allow":["GET"]}}],"collection":[{"href":"https:\/\/www.caririemacao.com\/1\/wp-json\/wp\/v2\/posts"}],"about":[{"href":"https:\/\/www.caririemacao.com\/1\/wp-json\/wp\/v2\/types\/post"}],"author":[{"embeddable":true,"href":"https:\/\/www.caririemacao.com\/1\/wp-json\/wp\/v2\/users\/2"}],"replies":[{"embeddable":true,"href":"https:\/\/www.caririemacao.com\/1\/wp-json\/wp\/v2\/comments?post=174837"}],"version-history":[{"count":1,"href":"https:\/\/www.caririemacao.com\/1\/wp-json\/wp\/v2\/posts\/174837\/revisions"}],"predecessor-version":[{"id":174839,"href":"https:\/\/www.caririemacao.com\/1\/wp-json\/wp\/v2\/posts\/174837\/revisions\/174839"}],"wp:featuredmedia":[{"embeddable":true,"href":"https:\/\/www.caririemacao.com\/1\/wp-json\/wp\/v2\/media\/174838"}],"wp:attachment":[{"href":"https:\/\/www.caririemacao.com\/1\/wp-json\/wp\/v2\/media?parent=174837"}],"wp:term":[{"taxonomy":"category","embeddable":true,"href":"https:\/\/www.caririemacao.com\/1\/wp-json\/wp\/v2\/categories?post=174837"},{"taxonomy":"post_tag","embeddable":true,"href":"https:\/\/www.caririemacao.com\/1\/wp-json\/wp\/v2\/tags?post=174837"}],"curies":[{"name":"wp","href":"https:\/\/api.w.org\/{rel}","templated":true}]}}