{"id":174843,"date":"2020-06-18T08:17:23","date_gmt":"2020-06-18T11:17:23","guid":{"rendered":"https:\/\/www.caririemacao.com\/1\/?p=174843"},"modified":"2020-06-18T08:17:23","modified_gmt":"2020-06-18T11:17:23","slug":"em-entrevista-prefeita-anna-lorena-fala-sobre-acoes-do-governo-e-do-combate-ao-covid-19","status":"publish","type":"post","link":"https:\/\/www.caririemacao.com\/1\/2020\/06\/18\/em-entrevista-prefeita-anna-lorena-fala-sobre-acoes-do-governo-e-do-combate-ao-covid-19\/","title":{"rendered":"Em Entrevista, prefeita Anna Lorena fala sobre a\u00e7\u00f5es do governo e do combate ao Covid-19"},"content":{"rendered":"\n<p>A prefeita Anna Lorena participou nesta quarta-feira (17) do programa Ponto de Debate pelas redes sociais, onde tratou de v\u00e1rios assuntos relacionados ao munic\u00edpio de Monteiro, a exemplo do combate ao COVID-19, obras que est\u00e3o em andamento, elei\u00e7\u00f5es municipais, antecipa\u00e7\u00e3o do sal\u00e1rio do m\u00eas de junho e do pagamento da primeira parcela do 13\u00ba sal\u00e1rio, entre outros assunto de interesse da popula\u00e7\u00e3o.<\/p>\n\n\n\n<p>A entrevista deu inicio com a participa\u00e7\u00e3o da popula\u00e7\u00e3o que elogiou a gest\u00e3o pelas a\u00e7\u00f5es j\u00e1 implantadas no munic\u00edpio e parabenizando a prefeita pelo seu anivers\u00e1rio, j\u00e1 que ela faz idade nova nesta quinta-feira(18).<\/p>\n\n\n\n<p>A prefeita agradeceu ao carinho de todos, tanto no \u00e2mbito administrativo, como pela lembran\u00e7a de seu anivers\u00e1rio e disse est\u00e1 feliz, mais o que ela queria mesmo era poder comemorar com todos, como fazia nas quadrilhas todos os anos.<\/p>\n\n\n\n<p>\u201cQuero iniciar o programa agradecendo a todos pelo carinho, pelas felicita\u00e7\u00f5es ao meu anivers\u00e1rio, eu acho que faz aproximadamente 10 anos que eu comemoro meu anivers\u00e1rio nas ruas e nas festas de quadrilhas aqui da nossa cidade, ent\u00e3o, \u00e9 dif\u00edcil mas como Deus sabe todas as coisas e tudo tem seu momento certo eu tenho certeza que brevemente estaremos comemorando os pr\u00f3ximos festejos da melhor maneira,\u201d disse Anna Lorena.<\/p>\n\n\n\n<p>A prefeita Anna Lorena falou sobre as pavimenta\u00e7\u00f5es que est\u00e3o acontecendo em v\u00e1rias ruas da cidade e que trar\u00e3o mais qualidade de vida para os moradores e com certeza a valoriza\u00e7\u00e3o de seus im\u00f3veis.<\/p>\n\n\n\n<p>\u201cPara n\u00f3s \u00e9 motivo de muita alegria ver todas as obras de pavimenta\u00e7\u00e3o que est\u00e3o acontecendo em nossa cidade e que atendem o desejo daqueles que sonham a muito tempo com o seu cal\u00e7amento. Mais tenham a certeza que faremos o poss\u00edvel para cal\u00e7ar o maior n\u00famero de ruas o mais r\u00e1pido poss\u00edvel, dando a qualidade de vida que os moteirenses merecem.\u201d<\/p>\n\n\n\n<p>Outro assunto abordado pela gestora foi as a\u00e7\u00f5es em combate ao coronav\u00edrus no munic\u00edpio e o que vai acontecer no novo decreto a partir de agora, j\u00e1 que Monteiro esta com bandeira laranja.<\/p>\n\n\n\n<p>\u201cEm rela\u00e7\u00e3o as a\u00e7\u00f5es contra o Covid-19, tivemos uma reuni\u00e3o com o Comit\u00ea Gestor do Combate ao Covid na nossa cidade e decidimos, onde de acordo com o Decreto Estadual, n\u00f3s ainda temos restri\u00e7\u00f5es e precisamos nos precaver. Alguns estabelecimentos continuaram fechados, funcionando s\u00f3 na parte de delivery de entrega, outros j\u00e1 come\u00e7am a abrir, a exemplo de, barbearias, sal\u00f5es de belezas, escrit\u00f3rios de contabilidade e advocacia, todos de acordo com par\u00e2metros e dentro de um termo de compromisso que a vigil\u00e2ncia criou e que n\u00f3s estaremos a partir desta quarta-feira (17) nos reunindo de forma isolada cpm os comerciantes para que seja explicado a eles todas as cl\u00e1usulas impostas para abertura do seu com\u00e9rcio. Por outro lado, existe tamb\u00e9m uma avalia\u00e7\u00e3o a cada 14 dias do Governo do Estado onde tendenciando o aumento de casos ou diminuindo, as nossas bandeiras elas v\u00e3o ser flexibilizadas ou v\u00e3o passar a ser mais rigorosos,\u201d disse Anna Lorena<\/p>\n\n\n\n<p>Anna Lorena aproveitou a ocasi\u00e3o para divulgar o calend\u00e1rio de pagamento dos funcion\u00e1rios e o adiantamento da primeira parcela do 13\u00ba sal\u00e1rio, que mesmo sem os festejos juninos ela fez quest\u00e3o de manter a tradi\u00e7\u00e3o antecipando os pagamentos.<\/p>\n\n\n\n<p>\u201cEu tamb\u00e9m trago aqui, que n\u00f3s vamos antecipar a folha de pagamento de junho, estaremos pagando todo o funcionalismo p\u00fablico, do dia 23 ao dia 26 de Junho, no dia 23 vamos pagar Inativos, Pensionistas e Assist\u00eancia Social, no dia 24 toda a Sa\u00fade, no dia 25 toda Educa\u00e7\u00e3o e no dia 26 a folha dos demais funcion\u00e1rios d Prefeitura. J\u00e1 a programa\u00e7\u00e3o da antecipa\u00e7\u00e3o da 1\u00aa parcela do 13\u00ba sal\u00e1rio ser\u00e1 do dia 13 de julho ao dia 16 de julho, ent\u00e3o, dia 13 recebem os servidores da Sa\u00fade, dia 14 Montran e Assist\u00eancia Social, dia 15 Educa\u00e7\u00e3o e dia 16 a Prefeitura. Os inativos e pensionistas j\u00e1 receberam a primeira parcela no in\u00edcio de abril, em virtude desta pandemia que assola o pa\u00eds. Esse pagamento antecipado sempre era feito antes do S\u00e3o Jo\u00e3o para movimentar nossa economia na cidade, mas esse ano mesmo n\u00e3o tendo o nosso S\u00e3o Jo\u00e3o vamos manter o nosso compromisso com a popula\u00e7\u00e3o.\u201d<\/p>\n\n\n\n<p>E n\u00e3o deixando morrer a tradi\u00e7\u00e3o da cidade forr\u00f3, a prefeita destacou o projeto Arrai\u00e1 Solid\u00e1rio, que do dia 16 ao dia 19, estar\u00e1 trazendo muito forr\u00f3 e alegria aos monteirenses com lives de artistas da terra sempre as 20 horas na pagina oficial da Prefeitura de Monteiro, mantendo assim a tradi\u00e7\u00e3o da Cidade Forr\u00f3, levando a alegria do nosso S\u00e3o Jo\u00e3o, mesmo que sem sair de casa.<\/p>\n\n\n\n<p>\u201cMuita alegria com muita empolga\u00e7\u00e3o, \u00e9 assim que defino o Arrai\u00e1 Solid\u00e1rio, mas acima de tudo com muita emo\u00e7\u00e3o, quero agradecer a toda a equipe da Secret\u00e1ria de Cultura e nossos parceiros do SEBRAE que foi fundamental nesse momento, ajudando a implementar e impulsionar a economia local, o empreendedorismo, a busca pela valoriza\u00e7\u00e3o do nosso artesanato e na nossa cultura local, eu fico muito feliz, valorizando a prata da casa valorizando nossos artistas locais,\u201d disse Lorena<\/p>\n\n\n\n<p>Para finalizar a prefeita falou sobre as elei\u00e7\u00f5es 2020, e disse est\u00e1 preparada para o pleito, pois acredita no trabalho que est\u00e1 sendo feito e que a popula\u00e7\u00e3o sabe reconhecer, e s\u00e3o eles que ir\u00e3o avaliar a gest\u00e3o.<\/p>\n\n\n\n<p>\u201cAs coisas acontecem nas nossas vidas quando a gente n\u00e3o for\u00e7a a barra, quando a gente n\u00e3o imp\u00f5e nada a ningu\u00e9m, tudo acontece da melhor maneira e quem manda em uma elei\u00e7\u00e3o sem sombra de d\u00favida \u00e9 o povo, Deus tamb\u00e9m designa e d\u00e1 o nosso destino, eu tenho feito e me dedicado as a\u00e7\u00f5es e a gest\u00e3o, todo mundo tem visto isso e essa elei\u00e7\u00e3o desse ano, vai ser exatamente a avalia\u00e7\u00e3o de todo o nosso trabalho durante esses quatro anos. <\/p>\n\n\n\n<p>Eu fico muito tranquila nesse sentido em dizer que n\u00f3s temos feito nosso trabalho, n\u00f3s temos cumprido a nossa miss\u00e3o\u201d, concluiu Anna Lorena.<\/p>\n","protected":false},"excerpt":{"rendered":"<p>A prefeita Anna Lorena participou nesta quarta-feira (17) do programa Ponto de Debate pelas redes sociais, onde tratou de v\u00e1rios assuntos relacionados ao munic\u00edpio de&hellip; <\/p>\n","protected":false},"author":2,"featured_media":174844,"comment_status":"closed","ping_status":"closed","sticky":false,"template":"","format":"standard","meta":{"sfsi_plus_gutenberg_text_before_share":"","sfsi_plus_gutenberg_show_text_before_share":"","sfsi_plus_gutenberg_icon_type":"","sfsi_plus_gutenberg_icon_alignemt":"","sfsi_plus_gutenburg_max_per_row":"","footnotes":""},"categories":[2],"tags":[],"class_list":["post-174843","post","type-post","status-publish","format-standard","has-post-thumbnail","hentry","category-geral"],"_links":{"self":[{"href":"https:\/\/www.caririemacao.com\/1\/wp-json\/wp\/v2\/posts\/174843","targetHints":{"allow":["GET"]}}],"collection":[{"href":"https:\/\/www.caririemacao.com\/1\/wp-json\/wp\/v2\/posts"}],"about":[{"href":"https:\/\/www.caririemacao.com\/1\/wp-json\/wp\/v2\/types\/post"}],"author":[{"embeddable":true,"href":"https:\/\/www.caririemacao.com\/1\/wp-json\/wp\/v2\/users\/2"}],"replies":[{"embeddable":true,"href":"https:\/\/www.caririemacao.com\/1\/wp-json\/wp\/v2\/comments?post=174843"}],"version-history":[{"count":1,"href":"https:\/\/www.caririemacao.com\/1\/wp-json\/wp\/v2\/posts\/174843\/revisions"}],"predecessor-version":[{"id":174845,"href":"https:\/\/www.caririemacao.com\/1\/wp-json\/wp\/v2\/posts\/174843\/revisions\/174845"}],"wp:featuredmedia":[{"embeddable":true,"href":"https:\/\/www.caririemacao.com\/1\/wp-json\/wp\/v2\/media\/174844"}],"wp:attachment":[{"href":"https:\/\/www.caririemacao.com\/1\/wp-json\/wp\/v2\/media?parent=174843"}],"wp:term":[{"taxonomy":"category","embeddable":true,"href":"https:\/\/www.caririemacao.com\/1\/wp-json\/wp\/v2\/categories?post=174843"},{"taxonomy":"post_tag","embeddable":true,"href":"https:\/\/www.caririemacao.com\/1\/wp-json\/wp\/v2\/tags?post=174843"}],"curies":[{"name":"wp","href":"https:\/\/api.w.org\/{rel}","templated":true}]}}