{"id":174847,"date":"2020-06-18T08:32:30","date_gmt":"2020-06-18T11:32:30","guid":{"rendered":"https:\/\/www.caririemacao.com\/1\/?p=174847"},"modified":"2020-06-18T08:32:30","modified_gmt":"2020-06-18T11:32:30","slug":"deputado-estadual-branco-mendes-solicita-recuperacao-de-estrada-do-cariri-ao-der","status":"publish","type":"post","link":"https:\/\/www.caririemacao.com\/1\/2020\/06\/18\/deputado-estadual-branco-mendes-solicita-recuperacao-de-estrada-do-cariri-ao-der\/","title":{"rendered":"Deputado estadual Branco Mendes solicita recupera\u00e7\u00e3o de estrada do Cariri ao DER"},"content":{"rendered":"\n<p>O deputado estadual Branco Mendes (Podemos) enviou requerimento ao superintendente do DER, Carlos Pereira de Carvalho, no come\u00e7o desta semana, solicitando que o \u00f3rg\u00e3o realize servi\u00e7os de terraplanagem, com urg\u00eancia, sobre a rodovia PB-210, que liga a cidade de Sum\u00e9 Tapero\u00e1, na regi\u00e3o do Cariri.<\/p>\n\n\n\n<p>Ele tomou a iniciativa em atendimento a apelo do prefeito \u00c9den Duarte (PR), de Sum\u00e9, que salientou o estado de precariedade em que se encontra a rodovia, em decorr\u00eancia, segundo ele, das fortes chuvas que ca\u00edram, na regi\u00e3o, do come\u00e7o deste ano at\u00e9 agora.<\/p>\n\n\n\n<p>O documento da lavra do deputado foi imediatamente encaminhado ao setor competente do DER, por Carlos Pereira de Carvalho, para a devida solu\u00e7\u00e3o do problema.<\/p>\n","protected":false},"excerpt":{"rendered":"<p>O deputado estadual Branco Mendes (Podemos) enviou requerimento ao superintendente do DER, Carlos Pereira de Carvalho, no come\u00e7o desta semana, solicitando que o \u00f3rg\u00e3o realize&hellip; <\/p>\n","protected":false},"author":2,"featured_media":140091,"comment_status":"closed","ping_status":"closed","sticky":false,"template":"","format":"standard","meta":{"sfsi_plus_gutenberg_text_before_share":"","sfsi_plus_gutenberg_show_text_before_share":"","sfsi_plus_gutenberg_icon_type":"","sfsi_plus_gutenberg_icon_alignemt":"","sfsi_plus_gutenburg_max_per_row":"","footnotes":""},"categories":[50,2],"tags":[],"class_list":["post-174847","post","type-post","status-publish","format-standard","has-post-thumbnail","hentry","category-destaque","category-geral"],"_links":{"self":[{"href":"https:\/\/www.caririemacao.com\/1\/wp-json\/wp\/v2\/posts\/174847","targetHints":{"allow":["GET"]}}],"collection":[{"href":"https:\/\/www.caririemacao.com\/1\/wp-json\/wp\/v2\/posts"}],"about":[{"href":"https:\/\/www.caririemacao.com\/1\/wp-json\/wp\/v2\/types\/post"}],"author":[{"embeddable":true,"href":"https:\/\/www.caririemacao.com\/1\/wp-json\/wp\/v2\/users\/2"}],"replies":[{"embeddable":true,"href":"https:\/\/www.caririemacao.com\/1\/wp-json\/wp\/v2\/comments?post=174847"}],"version-history":[{"count":1,"href":"https:\/\/www.caririemacao.com\/1\/wp-json\/wp\/v2\/posts\/174847\/revisions"}],"predecessor-version":[{"id":174849,"href":"https:\/\/www.caririemacao.com\/1\/wp-json\/wp\/v2\/posts\/174847\/revisions\/174849"}],"wp:featuredmedia":[{"embeddable":true,"href":"https:\/\/www.caririemacao.com\/1\/wp-json\/wp\/v2\/media\/140091"}],"wp:attachment":[{"href":"https:\/\/www.caririemacao.com\/1\/wp-json\/wp\/v2\/media?parent=174847"}],"wp:term":[{"taxonomy":"category","embeddable":true,"href":"https:\/\/www.caririemacao.com\/1\/wp-json\/wp\/v2\/categories?post=174847"},{"taxonomy":"post_tag","embeddable":true,"href":"https:\/\/www.caririemacao.com\/1\/wp-json\/wp\/v2\/tags?post=174847"}],"curies":[{"name":"wp","href":"https:\/\/api.w.org\/{rel}","templated":true}]}}