{"id":174848,"date":"2020-06-18T08:33:20","date_gmt":"2020-06-18T11:33:20","guid":{"rendered":"https:\/\/www.caririemacao.com\/1\/?p=174848"},"modified":"2020-06-18T08:33:20","modified_gmt":"2020-06-18T11:33:20","slug":"operacoes-qualificadas-de-transito-sao-realizadas-pela-policia-militar-no-cariri","status":"publish","type":"post","link":"https:\/\/www.caririemacao.com\/1\/2020\/06\/18\/operacoes-qualificadas-de-transito-sao-realizadas-pela-policia-militar-no-cariri\/","title":{"rendered":"Opera\u00e7\u00f5es qualificadas de tr\u00e2nsito s\u00e3o realizadas pela Pol\u00edcia Militar no Cariri"},"content":{"rendered":"\n<p>A Pol\u00edcia Militar desenvolve esse trabalho de preven\u00e7\u00e3o na regi\u00e3o do cariri, coibindo crimes nos munic\u00edpios e tirando de circula\u00e7\u00e3o armas, drogas, criminosos, ve\u00edculos roubados e motoristas dirigindo sobre efeito de \u00e1lcool.<\/p>\n\n\n\n<p><em>Em Monteiro:<\/em><\/p>\n\n\n\n<ul class=\"wp-block-list\"><li>Por volta das 17h40min a guarni\u00e7\u00e3o procedeu abordagem a um indiv\u00edduo de 28 anos de idade, conduzindo uma motocicleta CG 150 Titan-Esd Mix\/Flex, na rua Dr. Gilverson de Ara\u00fajo Cordeiro em Monteiro, ao ser consultado o chassi, verificou-se que o ve\u00edculo tinha restri\u00e7\u00e3o de roubo\/furto. O acusado e motocicleta foram conduzidos a Delegacia de Pol\u00edcia Civil.<\/li><li>Por volta das 21h42min a guarni\u00e7\u00e3o procedeu a abordagem a um indiv\u00edduo conduzindo uma motocicleta CG 150 FAN ESi, que estava com viola\u00e7\u00e3o do lacre como tamb\u00e9m outras irregularidades. A motocicleta foi removida para a 7 CIRETRAN.<\/li><\/ul>\n\n\n\n<p><em>No Congo:<\/em><\/p>\n\n\n\n<ul class=\"wp-block-list\"><li>Por volta das 11h00mim, foram realizadas abordagens a pessoas e ve\u00edculos na PB-214, Congo, durante as abordagens, 06 motocicletas, foram removidas para a 7 CIRETRAN na cidade de Monteiro, por estarem circulando com diversas irregularidades, como chassi adulterado, sem placa e ve\u00edculos sem nenhum tipo de documenta\u00e7\u00e3o e com diversas adultera\u00e7\u00f5es.<\/li><\/ul>\n\n\n\n<p><em>Em Serra Branca:<\/em><\/p>\n\n\n\n<ul class=\"wp-block-list\"><li>Por volta das 16h30min, forma realizadas abordagens criteriosas nas fiscaliza\u00e7\u00f5es qualificadas de tr\u00e2nsito, resultando na remo\u00e7\u00e3o de cinco motos que estavam circulando sem placa e com diversas irregularidades, os ve\u00edculos foram encaminhados para a 7 CIRETRAN.<\/li><\/ul>\n\n\n\n<p><em>11\u00ba BPM \u2013 Batalh\u00e3o 1\u00ba SGT Ylton Sales Silva<\/em><br><em>Se\u00e7\u00e3o de Comunica\u00e7\u00e3o Social e Marketing Institucional do 11\u00ba BPM<\/em><\/p>\n","protected":false},"excerpt":{"rendered":"<p>A Pol\u00edcia Militar desenvolve esse trabalho de preven\u00e7\u00e3o na regi\u00e3o do cariri, coibindo crimes nos munic\u00edpios e tirando de circula\u00e7\u00e3o armas, drogas, criminosos, ve\u00edculos roubados&hellip; <\/p>\n","protected":false},"author":1,"featured_media":174851,"comment_status":"closed","ping_status":"closed","sticky":false,"template":"","format":"standard","meta":{"sfsi_plus_gutenberg_text_before_share":"","sfsi_plus_gutenberg_show_text_before_share":"","sfsi_plus_gutenberg_icon_type":"","sfsi_plus_gutenberg_icon_alignemt":"","sfsi_plus_gutenburg_max_per_row":"","footnotes":""},"categories":[6,12],"tags":[],"class_list":["post-174848","post","type-post","status-publish","format-standard","has-post-thumbnail","hentry","category-cidades","category-policia"],"_links":{"self":[{"href":"https:\/\/www.caririemacao.com\/1\/wp-json\/wp\/v2\/posts\/174848","targetHints":{"allow":["GET"]}}],"collection":[{"href":"https:\/\/www.caririemacao.com\/1\/wp-json\/wp\/v2\/posts"}],"about":[{"href":"https:\/\/www.caririemacao.com\/1\/wp-json\/wp\/v2\/types\/post"}],"author":[{"embeddable":true,"href":"https:\/\/www.caririemacao.com\/1\/wp-json\/wp\/v2\/users\/1"}],"replies":[{"embeddable":true,"href":"https:\/\/www.caririemacao.com\/1\/wp-json\/wp\/v2\/comments?post=174848"}],"version-history":[{"count":1,"href":"https:\/\/www.caririemacao.com\/1\/wp-json\/wp\/v2\/posts\/174848\/revisions"}],"predecessor-version":[{"id":174852,"href":"https:\/\/www.caririemacao.com\/1\/wp-json\/wp\/v2\/posts\/174848\/revisions\/174852"}],"wp:featuredmedia":[{"embeddable":true,"href":"https:\/\/www.caririemacao.com\/1\/wp-json\/wp\/v2\/media\/174851"}],"wp:attachment":[{"href":"https:\/\/www.caririemacao.com\/1\/wp-json\/wp\/v2\/media?parent=174848"}],"wp:term":[{"taxonomy":"category","embeddable":true,"href":"https:\/\/www.caririemacao.com\/1\/wp-json\/wp\/v2\/categories?post=174848"},{"taxonomy":"post_tag","embeddable":true,"href":"https:\/\/www.caririemacao.com\/1\/wp-json\/wp\/v2\/tags?post=174848"}],"curies":[{"name":"wp","href":"https:\/\/api.w.org\/{rel}","templated":true}]}}