{"id":174854,"date":"2020-06-18T08:39:33","date_gmt":"2020-06-18T11:39:33","guid":{"rendered":"https:\/\/www.caririemacao.com\/1\/?p=174854"},"modified":"2020-06-18T08:39:33","modified_gmt":"2020-06-18T11:39:33","slug":"pns-das-dores-de-monteiro-divulga-horarios-de-missas-presenciais-veja-video-de-recomendacoes-para-participar","status":"publish","type":"post","link":"https:\/\/www.caririemacao.com\/1\/2020\/06\/18\/pns-das-dores-de-monteiro-divulga-horarios-de-missas-presenciais-veja-video-de-recomendacoes-para-participar\/","title":{"rendered":"PNS das Dores de Monteiro divulga hor\u00e1rios de missas presenciais. Veja v\u00eddeo de recomenda\u00e7\u00f5es para participar."},"content":{"rendered":"\n<p>Atendendo recomenda\u00e7\u00e3o do\u00a0Governo do estado da PB, a\u00a0Par\u00f3quia de Nossa Senhora das Dores\u00a0de\u00a0Monteiro\u00a0divulgou em sua rede social os novos hor\u00e1rios de missas \u00a0a partir do dia 20\/06. <\/p>\n\n\n\n<p>A ocupa\u00e7\u00e3o\u00a0 \u00a0ser\u00e1 de 30% nas celebra\u00e7\u00f5es com presen\u00e7a dos fi\u00e9is. Veja v\u00eddeo abaixo de recomenda\u00e7\u00f5es para participar.<\/p>\n\n\n\n<div class=\"wp-block-image\"><figure class=\"aligncenter\"><img decoding=\"async\" data-src=\"https:\/\/opipoco.com.br\/wp-content\/uploads\/2020\/06\/104181903_740236499870161_3198266418540262123_o.jpg\" alt=\"104181903_740236499870161_3198266418540262123_o PNS das Dores de Monteiro divulga hor\u00e1rios de missas presenciais. Veja v\u00eddeo de recomenda\u00e7\u00f5es para participar.\" class=\"wp-image-90527 lazyload\" title=\"104181903_740236499870161_3198266418540262123_o PNS das Dores de Monteiro divulga hor\u00e1rios de missas presenciais. Veja v\u00eddeo de recomenda\u00e7\u00f5es para participar.\" src=\"data:image\/svg+xml;base64,PHN2ZyB3aWR0aD0iMSIgaGVpZ2h0PSIxIiB4bWxucz0iaHR0cDovL3d3dy53My5vcmcvMjAwMC9zdmciPjwvc3ZnPg==\" \/><\/figure><\/div>\n\n\n\n<div class=\"wp-block-image\"><figure class=\"aligncenter\"><img decoding=\"async\" data-src=\"https:\/\/opipoco.com.br\/wp-content\/uploads\/2020\/06\/82472048_740236523203492_3767120739197121398_o-1.jpg\" alt=\"82472048_740236523203492_3767120739197121398_o-1 PNS das Dores de Monteiro divulga hor\u00e1rios de missas presenciais. Veja v\u00eddeo de recomenda\u00e7\u00f5es para participar.\" class=\"wp-image-90529 lazyload\" title=\"82472048_740236523203492_3767120739197121398_o-1 PNS das Dores de Monteiro divulga hor\u00e1rios de missas presenciais. Veja v\u00eddeo de recomenda\u00e7\u00f5es para participar.\" src=\"data:image\/svg+xml;base64,PHN2ZyB3aWR0aD0iMSIgaGVpZ2h0PSIxIiB4bWxucz0iaHR0cDovL3d3dy53My5vcmcvMjAwMC9zdmciPjwvc3ZnPg==\" \/><\/figure><\/div>\n\n\n\n<figure><iframe width=\"1000px\" height=\"1000px\" allowfullscreen=\"true\" data-src=\"https:\/\/www.facebook.com\/v2.3\/plugins\/video.php?allowfullscreen=true&amp;app_id=249643311490&amp;channel=https%3A%2F%2Fstaticxx.facebook.com%2Fx%2Fconnect%2Fxd_arbiter%2F%3Fversion%3D46%23cb%3Df13a00dc39ef94%26domain%3Dopipoco.com.br%26origin%3Dhttps%253A%252F%252Fopipoco.com.br%252Ff177875f2a39b4%26relation%3Dparent.parent&amp;container_width=330&amp;href=https%3A%2F%2Fwww.facebook.com%2Fpnsdasdores%2Fvideos%2F740472973179847%2F&amp;locale=pt_BR&amp;sdk=joey\" src=\"data:image\/svg+xml;base64,PHN2ZyB3aWR0aD0iMSIgaGVpZ2h0PSIxIiB4bWxucz0iaHR0cDovL3d3dy53My5vcmcvMjAwMC9zdmciPjwvc3ZnPg==\" class=\"lazyload\" data-load-mode=\"1\"><\/iframe><\/figure>\n\n\n\n<p>O PIPOCO<\/p>\n","protected":false},"excerpt":{"rendered":"<p>Atendendo recomenda\u00e7\u00e3o do\u00a0Governo do estado da PB, a\u00a0Par\u00f3quia de Nossa Senhora das Dores\u00a0de\u00a0Monteiro\u00a0divulgou em sua rede social os novos hor\u00e1rios de missas \u00a0a partir do&hellip; <\/p>\n","protected":false},"author":2,"featured_media":174855,"comment_status":"closed","ping_status":"closed","sticky":false,"template":"","format":"standard","meta":{"sfsi_plus_gutenberg_text_before_share":"","sfsi_plus_gutenberg_show_text_before_share":"","sfsi_plus_gutenberg_icon_type":"","sfsi_plus_gutenberg_icon_alignemt":"","sfsi_plus_gutenburg_max_per_row":"","footnotes":""},"categories":[6,81],"tags":[],"class_list":["post-174854","post","type-post","status-publish","format-standard","has-post-thumbnail","hentry","category-cidades","category-monteiro"],"_links":{"self":[{"href":"https:\/\/www.caririemacao.com\/1\/wp-json\/wp\/v2\/posts\/174854","targetHints":{"allow":["GET"]}}],"collection":[{"href":"https:\/\/www.caririemacao.com\/1\/wp-json\/wp\/v2\/posts"}],"about":[{"href":"https:\/\/www.caririemacao.com\/1\/wp-json\/wp\/v2\/types\/post"}],"author":[{"embeddable":true,"href":"https:\/\/www.caririemacao.com\/1\/wp-json\/wp\/v2\/users\/2"}],"replies":[{"embeddable":true,"href":"https:\/\/www.caririemacao.com\/1\/wp-json\/wp\/v2\/comments?post=174854"}],"version-history":[{"count":1,"href":"https:\/\/www.caririemacao.com\/1\/wp-json\/wp\/v2\/posts\/174854\/revisions"}],"predecessor-version":[{"id":174856,"href":"https:\/\/www.caririemacao.com\/1\/wp-json\/wp\/v2\/posts\/174854\/revisions\/174856"}],"wp:featuredmedia":[{"embeddable":true,"href":"https:\/\/www.caririemacao.com\/1\/wp-json\/wp\/v2\/media\/174855"}],"wp:attachment":[{"href":"https:\/\/www.caririemacao.com\/1\/wp-json\/wp\/v2\/media?parent=174854"}],"wp:term":[{"taxonomy":"category","embeddable":true,"href":"https:\/\/www.caririemacao.com\/1\/wp-json\/wp\/v2\/categories?post=174854"},{"taxonomy":"post_tag","embeddable":true,"href":"https:\/\/www.caririemacao.com\/1\/wp-json\/wp\/v2\/tags?post=174854"}],"curies":[{"name":"wp","href":"https:\/\/api.w.org\/{rel}","templated":true}]}}