{"id":174862,"date":"2020-06-18T09:32:57","date_gmt":"2020-06-18T12:32:57","guid":{"rendered":"https:\/\/www.caririemacao.com\/1\/?p=174862"},"modified":"2020-06-18T09:33:53","modified_gmt":"2020-06-18T12:33:53","slug":"medicos-formalizam-que-estado-de-saude-de-pinto-do-acordeon-e-grave-familiares-pedem-oracoes","status":"publish","type":"post","link":"https:\/\/www.caririemacao.com\/1\/2020\/06\/18\/medicos-formalizam-que-estado-de-saude-de-pinto-do-acordeon-e-grave-familiares-pedem-oracoes\/","title":{"rendered":"M\u00e9dicos formalizam que estado de sa\u00fade de Pinto do Acordeon \u00e9 grave; familiares pedem ora\u00e7\u00f5es"},"content":{"rendered":"\n<p>Familiares do cantor e compositor\u00a0Pinto do Acordeon,\u00a0atualmente internado em hospital na cidade de S\u00e3o Paulo, confirmaram que m\u00e9dicos respons\u00e1veis do acompanhamento do importante artista consideraram muito grave o estado de sa\u00fade dele.<\/p>\n\n\n\n<p>\u2013 Estamos numa fase de muitas ora\u00e7\u00f5es e pedimos a todos que fa\u00e7am o mesmo em torno da vida de nosso amado pai porque a situa\u00e7\u00e3o est\u00e1 muito s\u00e9ria- informou Samuel Pinto, filho de Pinto do Acordeon.<\/p>\n\n\n\n<p>Ele est\u00e1 h\u00e1 meses internado em S\u00e3o Paulo com sequelas de v\u00e1rios problemas gerados por diabetes e crise renal. Pinto do Acordeon est\u00e1 sendo acompanhado da esposa, Madalena Alves.<\/p>\n","protected":false},"excerpt":{"rendered":"<p>Familiares do cantor e compositor\u00a0Pinto do Acordeon,\u00a0atualmente internado em hospital na cidade de S\u00e3o Paulo, confirmaram que m\u00e9dicos respons\u00e1veis do acompanhamento do importante artista consideraram&hellip; <\/p>\n","protected":false},"author":2,"featured_media":174864,"comment_status":"closed","ping_status":"closed","sticky":false,"template":"","format":"standard","meta":{"sfsi_plus_gutenberg_text_before_share":"","sfsi_plus_gutenberg_show_text_before_share":"","sfsi_plus_gutenberg_icon_type":"","sfsi_plus_gutenberg_icon_alignemt":"","sfsi_plus_gutenburg_max_per_row":"","footnotes":""},"categories":[2],"tags":[],"class_list":["post-174862","post","type-post","status-publish","format-standard","has-post-thumbnail","hentry","category-geral"],"_links":{"self":[{"href":"https:\/\/www.caririemacao.com\/1\/wp-json\/wp\/v2\/posts\/174862","targetHints":{"allow":["GET"]}}],"collection":[{"href":"https:\/\/www.caririemacao.com\/1\/wp-json\/wp\/v2\/posts"}],"about":[{"href":"https:\/\/www.caririemacao.com\/1\/wp-json\/wp\/v2\/types\/post"}],"author":[{"embeddable":true,"href":"https:\/\/www.caririemacao.com\/1\/wp-json\/wp\/v2\/users\/2"}],"replies":[{"embeddable":true,"href":"https:\/\/www.caririemacao.com\/1\/wp-json\/wp\/v2\/comments?post=174862"}],"version-history":[{"count":3,"href":"https:\/\/www.caririemacao.com\/1\/wp-json\/wp\/v2\/posts\/174862\/revisions"}],"predecessor-version":[{"id":174867,"href":"https:\/\/www.caririemacao.com\/1\/wp-json\/wp\/v2\/posts\/174862\/revisions\/174867"}],"wp:featuredmedia":[{"embeddable":true,"href":"https:\/\/www.caririemacao.com\/1\/wp-json\/wp\/v2\/media\/174864"}],"wp:attachment":[{"href":"https:\/\/www.caririemacao.com\/1\/wp-json\/wp\/v2\/media?parent=174862"}],"wp:term":[{"taxonomy":"category","embeddable":true,"href":"https:\/\/www.caririemacao.com\/1\/wp-json\/wp\/v2\/categories?post=174862"},{"taxonomy":"post_tag","embeddable":true,"href":"https:\/\/www.caririemacao.com\/1\/wp-json\/wp\/v2\/tags?post=174862"}],"curies":[{"name":"wp","href":"https:\/\/api.w.org\/{rel}","templated":true}]}}