{"id":174868,"date":"2020-06-18T10:13:40","date_gmt":"2020-06-18T13:13:40","guid":{"rendered":"https:\/\/www.caririemacao.com\/1\/?p=174868"},"modified":"2020-06-18T10:13:40","modified_gmt":"2020-06-18T13:13:40","slug":"prefeitura-de-sume-realiza-doacao-de-terreno-para-construcao-de-escola-tecnica-no-municipio","status":"publish","type":"post","link":"https:\/\/www.caririemacao.com\/1\/2020\/06\/18\/prefeitura-de-sume-realiza-doacao-de-terreno-para-construcao-de-escola-tecnica-no-municipio\/","title":{"rendered":"Prefeitura de Sum\u00e9 realiza doa\u00e7\u00e3o de terreno para constru\u00e7\u00e3o de Escola T\u00e9cnica no munic\u00edpio"},"content":{"rendered":"\n<p>O prefeito de Sum\u00e9, \u00c9den Duarte, realizou na manh\u00e3 de quarta-feira (17), a assinatura em cart\u00f3rio de escritura destinando ao Governo do Estado da Para\u00edba um terreno no Conjunto Habitacional Sebasti\u00e3o Vitorino para a constru\u00e7\u00e3o de &nbsp;uma Escola T\u00e9cnica.<\/p>\n\n\n\n<p>A unidade escolar ser\u00e1 constru\u00edda a partir de recursos destinados pelo deputado federal Wellington Roberto ao Governo do Estado, representando uma parceria entre o Estado e a Prefeitura de Sum\u00e9 num investimento de R$ 3,2 milh\u00f5es, deste total, R$ 750 mil j\u00e1 est\u00e3o creditados na conta do Governo.<\/p>\n\n\n\n<div class=\"wp-block-image\"><figure class=\"alignleft\"><a href=\"https:\/\/www.sume.pb.gov.br\/wp-content\/uploads\/2020\/06\/3540d936-9a62-4dbc-9022-f3ad876f4c69.jpg\"><img decoding=\"async\" data-src=\"https:\/\/www.sume.pb.gov.br\/wp-content\/uploads\/2020\/06\/3540d936-9a62-4dbc-9022-f3ad876f4c69-300x225.jpg\" alt=\"\" class=\"wp-image-10379 lazyload\" src=\"data:image\/svg+xml;base64,PHN2ZyB3aWR0aD0iMSIgaGVpZ2h0PSIxIiB4bWxucz0iaHR0cDovL3d3dy53My5vcmcvMjAwMC9zdmciPjwvc3ZnPg==\" style=\"--smush-placeholder-width: 300px; --smush-placeholder-aspect-ratio: 300\/225;\" \/><\/a><\/figure><\/div>\n\n\n\n<p>Na ocasi\u00e3o da assinatura, o prefeito \u00c9den Duarte recebeu o major Luciano Adonias, procurador do Governo da Para\u00edba, que veio at\u00e9 o munic\u00edpio para agilizar a documenta\u00e7\u00e3o e dar andamento ao processo licitat\u00f3rio.<\/p>\n\n\n\n<p>O prefeito \u00c9den disse que a nova escola em Sum\u00e9 \u00e9 fruto de uma parceria de muitas m\u00e3os. \u201cEssa conquista vem somar com a educa\u00e7\u00e3o do munic\u00edpio, fico muito feliz em poder iniciar a obra durante o nosso mandato, atrav\u00e9s desta importante parceria. Vemos esse grande empreendimento que vai servir para as futuras gera\u00e7\u00f5es da nossa popula\u00e7\u00e3o\u201d, disse.<\/p>\n\n\n\n<p>A Escola T\u00e9cnica que ser\u00e1 constru\u00edda em Sum\u00e9 ter\u00e1 12 salas com capacidade de 500 alunos, vai gerar oportunidades aos moradores do munic\u00edpio e da regi\u00e3o. \u201cS\u00f3 tem pontos positivos nesta a\u00e7\u00e3o, n\u00f3s temos que pensar grande, gerar emprego e renda para o Cariri, expandir ainda mais as op\u00e7\u00f5es educacionais\u201d destacou o prefeito.<\/p>\n\n\n\n<div class=\"wp-block-image\"><figure class=\"alignright\"><a href=\"https:\/\/www.sume.pb.gov.br\/wp-content\/uploads\/2020\/06\/26edfb0b-dd64-45af-993d-9a154c4b55e3.jpg\"><img decoding=\"async\" data-src=\"https:\/\/www.sume.pb.gov.br\/wp-content\/uploads\/2020\/06\/26edfb0b-dd64-45af-993d-9a154c4b55e3-300x225.jpg\" alt=\"\" class=\"wp-image-10380 lazyload\" src=\"data:image\/svg+xml;base64,PHN2ZyB3aWR0aD0iMSIgaGVpZ2h0PSIxIiB4bWxucz0iaHR0cDovL3d3dy53My5vcmcvMjAwMC9zdmciPjwvc3ZnPg==\" style=\"--smush-placeholder-width: 300px; --smush-placeholder-aspect-ratio: 300\/225;\" \/><\/a><\/figure><\/div>\n\n\n\n<p>O major Luciano Adonias, procurador do Estado da Para\u00edba, ressaltou a import\u00e2ncia da parceria com a Prefeitura de Sum\u00e9 para os investimentos. \u201c\u00c9 muito importante o apoio da gest\u00e3o municipal, sem a uni\u00e3o de todos tudo fica mais dif\u00edcil, com a doa\u00e7\u00e3o deste espa\u00e7o estamos consolidando os primeiros passos para a constru\u00e7\u00e3o da escola t\u00e9cnica de Sum\u00e9\u201d. ressaltou.<\/p>\n\n\n\n<p>Ascom\/PMS<\/p>\n","protected":false},"excerpt":{"rendered":"<p>O prefeito de Sum\u00e9, \u00c9den Duarte, realizou na manh\u00e3 de quarta-feira (17), a assinatura em cart\u00f3rio de escritura destinando ao Governo do Estado da Para\u00edba&hellip; <\/p>\n","protected":false},"author":2,"featured_media":174869,"comment_status":"closed","ping_status":"closed","sticky":false,"template":"","format":"standard","meta":{"sfsi_plus_gutenberg_text_before_share":"","sfsi_plus_gutenberg_show_text_before_share":"","sfsi_plus_gutenberg_icon_type":"","sfsi_plus_gutenberg_icon_alignemt":"","sfsi_plus_gutenburg_max_per_row":"","footnotes":""},"categories":[2],"tags":[],"class_list":["post-174868","post","type-post","status-publish","format-standard","has-post-thumbnail","hentry","category-geral"],"_links":{"self":[{"href":"https:\/\/www.caririemacao.com\/1\/wp-json\/wp\/v2\/posts\/174868","targetHints":{"allow":["GET"]}}],"collection":[{"href":"https:\/\/www.caririemacao.com\/1\/wp-json\/wp\/v2\/posts"}],"about":[{"href":"https:\/\/www.caririemacao.com\/1\/wp-json\/wp\/v2\/types\/post"}],"author":[{"embeddable":true,"href":"https:\/\/www.caririemacao.com\/1\/wp-json\/wp\/v2\/users\/2"}],"replies":[{"embeddable":true,"href":"https:\/\/www.caririemacao.com\/1\/wp-json\/wp\/v2\/comments?post=174868"}],"version-history":[{"count":1,"href":"https:\/\/www.caririemacao.com\/1\/wp-json\/wp\/v2\/posts\/174868\/revisions"}],"predecessor-version":[{"id":174870,"href":"https:\/\/www.caririemacao.com\/1\/wp-json\/wp\/v2\/posts\/174868\/revisions\/174870"}],"wp:featuredmedia":[{"embeddable":true,"href":"https:\/\/www.caririemacao.com\/1\/wp-json\/wp\/v2\/media\/174869"}],"wp:attachment":[{"href":"https:\/\/www.caririemacao.com\/1\/wp-json\/wp\/v2\/media?parent=174868"}],"wp:term":[{"taxonomy":"category","embeddable":true,"href":"https:\/\/www.caririemacao.com\/1\/wp-json\/wp\/v2\/categories?post=174868"},{"taxonomy":"post_tag","embeddable":true,"href":"https:\/\/www.caririemacao.com\/1\/wp-json\/wp\/v2\/tags?post=174868"}],"curies":[{"name":"wp","href":"https:\/\/api.w.org\/{rel}","templated":true}]}}