{"id":174874,"date":"2020-06-18T10:30:21","date_gmt":"2020-06-18T13:30:21","guid":{"rendered":"https:\/\/www.caririemacao.com\/1\/?p=174874"},"modified":"2020-06-18T10:30:21","modified_gmt":"2020-06-18T13:30:21","slug":"toma-posse-o-novo-secretario-de-agricultura-do-municipio-da-prata","status":"publish","type":"post","link":"https:\/\/www.caririemacao.com\/1\/2020\/06\/18\/toma-posse-o-novo-secretario-de-agricultura-do-municipio-da-prata\/","title":{"rendered":"Toma posse o novo secret\u00e1rio de agricultura do munic\u00edpio da Prata"},"content":{"rendered":"\n<p><br>O prefeito da Prata J\u00fanior N\u00f3brega\u00a0 empossou nesta quarta-feira, 18 de junho, o novo secret\u00e1rio de Agricultura, <\/p>\n\n\n\n<p>Haron Salvador Reinaldo , em substitui\u00e7\u00e3o a Genivaldo Temb\u00f3rio, que vai ser pr\u00e9 candidato a prefeito do munic\u00edpio.<\/p>\n\n\n\n<p><br>Segundo o prefeito J\u00fanior N\u00f3brega o ex secret\u00e1rio de agricultura Genivaldo Temb\u00f3rio elencou importantes conquistas e agradeceu pelo trabalho realizado durante o per\u00edodo em que esteve \u00e0 frente da secretaria. \u201c Genivaldo dirigiu com muita dedica\u00e7\u00e3o essa pasta, com trabalho e dedica\u00e7\u00e3o, o que n\u00e3o \u00e9 muito simples.<\/p>\n\n\n\n<p><br>O novo secret\u00e1rio de Agricultura Haron Salvador Reinaldo \u00e9 formado como Engenheiro Agr\u00f4nomo,trabalhou na ONG Centro Vida Nordeste e Jps de Lima Constru\u00e7\u00f5es.Filho de Jone Salvador de Lima e Cristina de F\u00e1tima Reinaldo Salvador.<\/p>\n\n\n\n<p><br>Experi\u00eancia em agricultura Familiar e agroneg\u00f3cio e tamb\u00e9m em constru\u00e7\u00f5es de Cisternas.<\/p>\n\n\n\n<p><br>Segundo Haron Salvador seu projeto a frente da secretaria \u00e9 fortalecer a agricultura familiar e convecional do municipios atrav\u00e9s de parcerias com entidades p\u00fablicas e privadas , formular protocolos para certificar os produtos produzidos no munic\u00edpio atrav\u00e9s do SIM ( Sistema de inspe\u00e7\u00e3o municipal) dando assim credibilidade e confian\u00e7a dos produtos produzidos.<\/p>\n","protected":false},"excerpt":{"rendered":"<p>O prefeito da Prata J\u00fanior N\u00f3brega\u00a0 empossou nesta quarta-feira, 18 de junho, o novo secret\u00e1rio de Agricultura, Haron Salvador Reinaldo , em substitui\u00e7\u00e3o a Genivaldo&hellip; <\/p>\n","protected":false},"author":2,"featured_media":174875,"comment_status":"closed","ping_status":"closed","sticky":false,"template":"","format":"standard","meta":{"sfsi_plus_gutenberg_text_before_share":"","sfsi_plus_gutenberg_show_text_before_share":"","sfsi_plus_gutenberg_icon_type":"","sfsi_plus_gutenberg_icon_alignemt":"","sfsi_plus_gutenburg_max_per_row":"","footnotes":""},"categories":[6,85],"tags":[],"class_list":["post-174874","post","type-post","status-publish","format-standard","has-post-thumbnail","hentry","category-cidades","category-prata"],"_links":{"self":[{"href":"https:\/\/www.caririemacao.com\/1\/wp-json\/wp\/v2\/posts\/174874","targetHints":{"allow":["GET"]}}],"collection":[{"href":"https:\/\/www.caririemacao.com\/1\/wp-json\/wp\/v2\/posts"}],"about":[{"href":"https:\/\/www.caririemacao.com\/1\/wp-json\/wp\/v2\/types\/post"}],"author":[{"embeddable":true,"href":"https:\/\/www.caririemacao.com\/1\/wp-json\/wp\/v2\/users\/2"}],"replies":[{"embeddable":true,"href":"https:\/\/www.caririemacao.com\/1\/wp-json\/wp\/v2\/comments?post=174874"}],"version-history":[{"count":1,"href":"https:\/\/www.caririemacao.com\/1\/wp-json\/wp\/v2\/posts\/174874\/revisions"}],"predecessor-version":[{"id":174876,"href":"https:\/\/www.caririemacao.com\/1\/wp-json\/wp\/v2\/posts\/174874\/revisions\/174876"}],"wp:featuredmedia":[{"embeddable":true,"href":"https:\/\/www.caririemacao.com\/1\/wp-json\/wp\/v2\/media\/174875"}],"wp:attachment":[{"href":"https:\/\/www.caririemacao.com\/1\/wp-json\/wp\/v2\/media?parent=174874"}],"wp:term":[{"taxonomy":"category","embeddable":true,"href":"https:\/\/www.caririemacao.com\/1\/wp-json\/wp\/v2\/categories?post=174874"},{"taxonomy":"post_tag","embeddable":true,"href":"https:\/\/www.caririemacao.com\/1\/wp-json\/wp\/v2\/tags?post=174874"}],"curies":[{"name":"wp","href":"https:\/\/api.w.org\/{rel}","templated":true}]}}