{"id":174878,"date":"2020-06-18T11:50:51","date_gmt":"2020-06-18T14:50:51","guid":{"rendered":"https:\/\/www.caririemacao.com\/1\/?p=174878"},"modified":"2020-06-18T11:50:51","modified_gmt":"2020-06-18T14:50:51","slug":"urgente-morre-a-primeira-vitima-de-covid-19-em-serra-branca-paciente-faleceu-sem-suspeitas-da-doenca","status":"publish","type":"post","link":"https:\/\/www.caririemacao.com\/1\/2020\/06\/18\/urgente-morre-a-primeira-vitima-de-covid-19-em-serra-branca-paciente-faleceu-sem-suspeitas-da-doenca\/","title":{"rendered":"URGENTE: Morre a primeira v\u00edtima de Covid-19 em Serra Branca; paciente faleceu sem suspeitas da doen\u00e7a"},"content":{"rendered":"\n<p><strong>EXCLUSIVO:<\/strong>&nbsp;A Secretaria de Sa\u00fade de Serra Branca confirmou com tristeza a primeira v\u00edtima do novo coronav\u00edrus no munic\u00edpio. Trata-se de uma idosa, de 79 anos, moradora do centro de Serra Branca, que deu entrada e faleceu no Hospital Geral no dia 11 de junho.<\/p>\n\n\n\n<p>Segundo informa\u00e7\u00f5es apuradas pelo portal De Olho no Cariri, a paciente chegou \u00e0 unidade de sa\u00fade com insufici\u00eancia card\u00edaca. Ela faleceu rapidamente e a equipe m\u00e9dica diagnosticou sua morte como infarto fulminante.<\/p>\n\n\n\n<p>Como \u00e9 protocolo dos \u00f3rg\u00e3os de sa\u00fade realizar o teste de Swab em todas as pessoas que v\u00eam a \u00f3bito neste momento de pandemia, ela passou pelo exame Swab nasofaringe no p\u00f3s \u00f3bito, cujo resultado s\u00f3 chegou nesta quinta-feira (17) e deu positivo para a Covid-19.<\/p>\n\n\n\n<p>A paciente foi velada e sepultada sem as exig\u00eancias para pacientes com Covid-19, pois n\u00e3o havia suspeita da doen\u00e7a na mesma. Por conta disso, a secret\u00e1ria de sa\u00fade Monique Dantas informou que baixar\u00e1 a partir de agora um decreto municipal, que determinar\u00e1 que todo sepultamento no munic\u00edpio seja realizado sem a realiza\u00e7\u00e3o de vel\u00f3rio e de forma r\u00e1pida para evitar a contamina\u00e7\u00e3o pelo novo coronav\u00edrus.<\/p>\n\n\n\n<p>Monique Dantas disse ainda que foi pessoalmente \u00e0 casa da fam\u00edlia informar o resultado do exame e destacou que dar\u00e1 agora toda a assist\u00eancia devida aos familiares, que dever\u00e3o passar por testes nos pr\u00f3ximos dias.<\/p>\n\n\n\n<p><strong>De Olho no Cariri<\/strong><\/p>\n","protected":false},"excerpt":{"rendered":"<p>EXCLUSIVO:&nbsp;A Secretaria de Sa\u00fade de Serra Branca confirmou com tristeza a primeira v\u00edtima do novo coronav\u00edrus no munic\u00edpio. Trata-se de uma idosa, de 79 anos,&hellip; <\/p>\n","protected":false},"author":1,"featured_media":174879,"comment_status":"closed","ping_status":"closed","sticky":false,"template":"","format":"standard","meta":{"sfsi_plus_gutenberg_text_before_share":"","sfsi_plus_gutenberg_show_text_before_share":"","sfsi_plus_gutenberg_icon_type":"","sfsi_plus_gutenberg_icon_alignemt":"","sfsi_plus_gutenburg_max_per_row":"","footnotes":""},"categories":[1],"tags":[],"class_list":["post-174878","post","type-post","status-publish","format-standard","has-post-thumbnail","hentry","category-o-site"],"_links":{"self":[{"href":"https:\/\/www.caririemacao.com\/1\/wp-json\/wp\/v2\/posts\/174878","targetHints":{"allow":["GET"]}}],"collection":[{"href":"https:\/\/www.caririemacao.com\/1\/wp-json\/wp\/v2\/posts"}],"about":[{"href":"https:\/\/www.caririemacao.com\/1\/wp-json\/wp\/v2\/types\/post"}],"author":[{"embeddable":true,"href":"https:\/\/www.caririemacao.com\/1\/wp-json\/wp\/v2\/users\/1"}],"replies":[{"embeddable":true,"href":"https:\/\/www.caririemacao.com\/1\/wp-json\/wp\/v2\/comments?post=174878"}],"version-history":[{"count":1,"href":"https:\/\/www.caririemacao.com\/1\/wp-json\/wp\/v2\/posts\/174878\/revisions"}],"predecessor-version":[{"id":174880,"href":"https:\/\/www.caririemacao.com\/1\/wp-json\/wp\/v2\/posts\/174878\/revisions\/174880"}],"wp:featuredmedia":[{"embeddable":true,"href":"https:\/\/www.caririemacao.com\/1\/wp-json\/wp\/v2\/media\/174879"}],"wp:attachment":[{"href":"https:\/\/www.caririemacao.com\/1\/wp-json\/wp\/v2\/media?parent=174878"}],"wp:term":[{"taxonomy":"category","embeddable":true,"href":"https:\/\/www.caririemacao.com\/1\/wp-json\/wp\/v2\/categories?post=174878"},{"taxonomy":"post_tag","embeddable":true,"href":"https:\/\/www.caririemacao.com\/1\/wp-json\/wp\/v2\/tags?post=174878"}],"curies":[{"name":"wp","href":"https:\/\/api.w.org\/{rel}","templated":true}]}}