{"id":174881,"date":"2020-06-18T13:14:50","date_gmt":"2020-06-18T16:14:50","guid":{"rendered":"https:\/\/www.caririemacao.com\/1\/?p=174881"},"modified":"2020-06-18T13:14:50","modified_gmt":"2020-06-18T16:14:50","slug":"secretaria-da-educacao-realiza-nesta-quinta-feira-escutas-para-formular-proposta-do-novo-ensino-medio","status":"publish","type":"post","link":"https:\/\/www.caririemacao.com\/1\/2020\/06\/18\/secretaria-da-educacao-realiza-nesta-quinta-feira-escutas-para-formular-proposta-do-novo-ensino-medio\/","title":{"rendered":"Secretaria da Educa\u00e7\u00e3o realiza nesta quinta-feira escutas para formular proposta do Novo Ensino M\u00e9dio"},"content":{"rendered":"\n<p>A Secretaria de Estado da Educa\u00e7\u00e3o e da Ci\u00eancia e Tecnologia da Para\u00edba\u00a0(SEECT) iniciou, nesta quinta-feira (18), um\u00a0processo de escuta\u00a0com estudantes,\u00a0professores e gestores da Rede Estadual de Ensino\u00a0para que as escolas possam contribuir com a formula\u00e7\u00e3o da proposta do Novo Ensino M\u00e9dio, definido pela Lei n\u00ba 13.415\/2017.<\/p>\n\n\n\n<p>A proposta vai\u00a0promover mudan\u00e7as como a amplia\u00e7\u00e3o da carga hor\u00e1ria e a defini\u00e7\u00e3o de uma nova organiza\u00e7\u00e3o curricular, mais flex\u00edvel, com o estabelecimento de conte\u00fados comuns definidos pela Base Nacional Comum Curricular (BNCC), estabelecida pelo Minist\u00e9rio da Educa\u00e7\u00e3o.<\/p>\n\n\n\n<p>As escutas est\u00e3o sendo feitas atrav\u00e9s de formul\u00e1rios online disponibilizados pela Secretaria at\u00e9 o dia 24 de junho. Inicialmente, esta fase do processo de formula\u00e7\u00e3o da nova proposta deveria ter ocorrido de forma presencial, em mar\u00e7o deste ano, mas por causa da suspens\u00e3o das atividades presenciais nas escolas por conta da pandemia, estes formul\u00e1rios est\u00e3o sendo preenchidos de maneira remota. Para estudantes no link&nbsp;<strong><a href=\"https:\/\/bit.ly\/estudantespb\" target=\"_blank\" rel=\"noreferrer noopener\">bit.ly\/estudantespb<\/a>,<\/strong>&nbsp;para gestores no link<strong>&nbsp;<a href=\"https:\/\/bit.ly\/gestorespb\" target=\"_blank\" rel=\"noreferrer noopener\">bit.ly\/gestorespb<\/a><\/strong>&nbsp;e para professores no link&nbsp;<strong><a href=\"https:\/\/bit.ly\/professorespb\" target=\"_blank\" rel=\"noreferrer noopener\">bit.ly\/professorespb<\/a>.<\/strong><\/p>\n\n\n\n<p>Al\u00e9m de gestores e professores, ser\u00e3o ouvidos alunos matriculados no ensino m\u00e9dio, estudantes que entrar\u00e3o no ensino m\u00e9dio em breve e ainda alunos egressos, que j\u00e1 passaram pela experi\u00eancia. O objetivo da consulta \u00e9 compreender a realidade de cada aluno, gestor e professor, assim como de cada escola da Rede Estadual de Ensino, para que a nova proposta se adeque \u00e0s necessidades educacionais dos alunos paraibanos e desta forma aponte novos caminhos para um desenvolvimento social e econ\u00f4mico das comunidades.<\/p>\n\n\n\n<p><strong>Etapas<\/strong>&nbsp;\u2013 De acordo com a Lei 13.415\/2017, a implementa\u00e7\u00e3o ser\u00e1 realizada assim que a nova proposta for aprovada pelo Conselho Estadual de Educa\u00e7\u00e3o (CEE). De acordo com o assessor especial da Secretaria de Estado da Educa\u00e7\u00e3o, Robson Rubenilson, o plano de implanta\u00e7\u00e3o deve se estender ao longo dos pr\u00f3ximos anos. \u201cA previs\u00e3o \u00e9 que em 2021 tenhamos a implementa\u00e7\u00e3o em um grupo de escolas piloto, como parte do Programa Novo Ensino M\u00e9dio, e sigamos at\u00e9 2023 conforme o plano de implementa\u00e7\u00e3o definido pela SEECT e pelo MEC\u201d, explicou Robson.<\/p>\n\n\n\n<p><strong>Novo Ensino M\u00e9dio<\/strong>&nbsp;\u2013 O Novo Ensino M\u00e9dio deve oferecer diferentes possibilidades de escolhas aos estudantes, a partir dos itiner\u00e1rios formativos que ter\u00e3o foco nas \u00e1reas de conhecimento e na forma\u00e7\u00e3o t\u00e9cnica e profissional. Com essas mudan\u00e7as, \u00e9 esperado que os jovens estejam mais preparados e estimulados a fazerem escolhas e tomar decis\u00f5es a partir do protagonismo juvenil, que \u00e9 a base de toda a estrutura do Novo Ensino M\u00e9dio.<\/p>\n\n\n\n<p>Robson Rubenilson explicou que as novas propostas curriculares e a BNCC t\u00eam por objetivo equilibrar o ensino em todo o estado, fazendo com que todos os estudantes tenham acesso ao mesmo conte\u00fado. \u201cA reformula\u00e7\u00e3o dos curr\u00edculos na Para\u00edba \u00e9 para garantir aos estudantes uma base de conhecimento que seja comum. Que de Cajazeiras at\u00e9 Jo\u00e3o Pessoa, os alunos estudem o mesmo conte\u00fado, no mesmo per\u00edodo, de forma equilibrada\u201d.<\/p>\n","protected":false},"excerpt":{"rendered":"<p>A Secretaria de Estado da Educa\u00e7\u00e3o e da Ci\u00eancia e Tecnologia da Para\u00edba\u00a0(SEECT) iniciou, nesta quinta-feira (18), um\u00a0processo de escuta\u00a0com estudantes,\u00a0professores e gestores da Rede&hellip; <\/p>\n","protected":false},"author":2,"featured_media":163159,"comment_status":"closed","ping_status":"closed","sticky":false,"template":"","format":"standard","meta":{"sfsi_plus_gutenberg_text_before_share":"","sfsi_plus_gutenberg_show_text_before_share":"","sfsi_plus_gutenberg_icon_type":"","sfsi_plus_gutenberg_icon_alignemt":"","sfsi_plus_gutenburg_max_per_row":"","footnotes":""},"categories":[14],"tags":[],"class_list":["post-174881","post","type-post","status-publish","format-standard","has-post-thumbnail","hentry","category-educacao"],"_links":{"self":[{"href":"https:\/\/www.caririemacao.com\/1\/wp-json\/wp\/v2\/posts\/174881","targetHints":{"allow":["GET"]}}],"collection":[{"href":"https:\/\/www.caririemacao.com\/1\/wp-json\/wp\/v2\/posts"}],"about":[{"href":"https:\/\/www.caririemacao.com\/1\/wp-json\/wp\/v2\/types\/post"}],"author":[{"embeddable":true,"href":"https:\/\/www.caririemacao.com\/1\/wp-json\/wp\/v2\/users\/2"}],"replies":[{"embeddable":true,"href":"https:\/\/www.caririemacao.com\/1\/wp-json\/wp\/v2\/comments?post=174881"}],"version-history":[{"count":2,"href":"https:\/\/www.caririemacao.com\/1\/wp-json\/wp\/v2\/posts\/174881\/revisions"}],"predecessor-version":[{"id":174883,"href":"https:\/\/www.caririemacao.com\/1\/wp-json\/wp\/v2\/posts\/174881\/revisions\/174883"}],"wp:featuredmedia":[{"embeddable":true,"href":"https:\/\/www.caririemacao.com\/1\/wp-json\/wp\/v2\/media\/163159"}],"wp:attachment":[{"href":"https:\/\/www.caririemacao.com\/1\/wp-json\/wp\/v2\/media?parent=174881"}],"wp:term":[{"taxonomy":"category","embeddable":true,"href":"https:\/\/www.caririemacao.com\/1\/wp-json\/wp\/v2\/categories?post=174881"},{"taxonomy":"post_tag","embeddable":true,"href":"https:\/\/www.caririemacao.com\/1\/wp-json\/wp\/v2\/tags?post=174881"}],"curies":[{"name":"wp","href":"https:\/\/api.w.org\/{rel}","templated":true}]}}