{"id":174885,"date":"2020-06-18T13:25:58","date_gmt":"2020-06-18T16:25:58","guid":{"rendered":"https:\/\/www.caririemacao.com\/1\/?p=174885"},"modified":"2020-06-18T13:25:58","modified_gmt":"2020-06-18T16:25:58","slug":"parceria-entre-prefeitura-de-monteiro-hospital-santa-filomena-e-cartorio-proporcionam-documentacao-gratuita-para-recem-nascidos","status":"publish","type":"post","link":"https:\/\/www.caririemacao.com\/1\/2020\/06\/18\/parceria-entre-prefeitura-de-monteiro-hospital-santa-filomena-e-cartorio-proporcionam-documentacao-gratuita-para-recem-nascidos\/","title":{"rendered":"Parceria entre Prefeitura de Monteiro, Hospital Santa Filomena e Cart\u00f3rio proporcionam documenta\u00e7\u00e3o gratuita para rec\u00e9m-nascidos"},"content":{"rendered":"\n<p>Parceria entre Prefeitura de Monteiro, Hospital Santa Filomena e Cart\u00f3rio proporcionam documenta\u00e7\u00e3o gratuita para rec\u00e9m-nascidos<\/p>\n\n\n\n<p>A iniciativa da Prefeitura Municipal de Monteiro, atrav\u00e9s da Secretaria de Desenvolvimento Social em parceria com o Hospital Regional Santa Filomena e o Cart\u00f3rio de Registro Civil do munic\u00edpio est\u00e1 proporcionando desde o m\u00eas de mar\u00e7o deste ano, a documenta\u00e7\u00e3o gratuita para rec\u00e9m-nascidos no munic\u00edpio.<\/p>\n\n\n\n<p>Dentro da \u201cCampanha Municipal pela Erradica\u00e7\u00e3o do sub-registro civil de nascimento e amplia\u00e7\u00e3o do acesso \u00e0 documenta\u00e7\u00e3o\u201d est\u00e1 a a\u00e7\u00e3o \u201cSim, eu Existo! Certid\u00e3o de Nascimento o Primeiro Passo Para a Cidadania\u201d, que tem por objetivo a redu\u00e7\u00e3o significativa do n\u00famero de crian\u00e7as monteirenses que n\u00e3o possuem Certid\u00e3o de Nascimento.<\/p>\n\n\n\n<p>De acordo com a secret\u00e1ria executiva de Desenvolvimento Social, Silvania Mayer, os pais do beb\u00ea ainda podem no momento do registro, solicitar tamb\u00e9m o CPF, documento tamb\u00e9m imprescind\u00edvel para as crian\u00e7as.<\/p>\n\n\n\n<p>A falta do registro de nascimento \u00e9 uma viola\u00e7\u00e3o a um direito fundamental de todas as pessoas: o direito a um nome. Al\u00e9m disso, n\u00e3o ter registro de nascimento causa \u00e0s crian\u00e7as dificuldades de acesso a servi\u00e7os sociais b\u00e1sicos. Por isso, \u00e9 importante fazer o registro ainda no hospital assim que a crian\u00e7a nasce.<\/p>\n\n\n\n<p>Para realizar o registro da crian\u00e7a a documenta\u00e7\u00e3o necess\u00e1ria \u00e9: Declara\u00e7\u00e3o dos nascidos vivos (DNV) e Documento de identifica\u00e7\u00e3o (RG, CPF, ou qual documento com foto) do pai e da m\u00e3e.<\/p>\n\n\n\n<p>\u201cA pessoa que n\u00e3o possui o registro de nascimento \u00e9 invis\u00edvel na sociedade e n\u00e3o tem o seu direito humano garantido. Todo cidad\u00e3o registrado possui a documenta\u00e7\u00e3o b\u00e1sica e o direito a educa\u00e7\u00e3o, sa\u00fade, habita\u00e7\u00e3o e lazer. Nossa miss\u00e3o \u00e9 garantir cidadania aos que se encontram em situa\u00e7\u00e3o de vulnerabilidade social\u201d, comenta a prefeita Anna Lorena.<\/p>\n\n\n\n<p>Registro assim que nasce?<\/p>\n\n\n\n<p>O cart\u00f3rio realiza atendimento todos os dias pela manh\u00e3 a partir das 8 horas no Hospital Santa Filomena.<\/p>\n\n\n\n<p>Em casos de d\u00favida fale!<\/p>\n\n\n\n<p>Secretaria Municipal de Desenvolvimento Social \u2013 Fone: 83333511510<br>Cart\u00f3rio de Registro Civil de Monteiro \u2013 Fone: 83 999310403\/333513215\u00c1rea de anexos<\/p>\n","protected":false},"excerpt":{"rendered":"<p>Parceria entre Prefeitura de Monteiro, Hospital Santa Filomena e Cart\u00f3rio proporcionam documenta\u00e7\u00e3o gratuita para rec\u00e9m-nascidos A iniciativa da Prefeitura Municipal de Monteiro, atrav\u00e9s da Secretaria&hellip; <\/p>\n","protected":false},"author":2,"featured_media":174886,"comment_status":"closed","ping_status":"closed","sticky":false,"template":"","format":"standard","meta":{"sfsi_plus_gutenberg_text_before_share":"","sfsi_plus_gutenberg_show_text_before_share":"","sfsi_plus_gutenberg_icon_type":"","sfsi_plus_gutenberg_icon_alignemt":"","sfsi_plus_gutenburg_max_per_row":"","footnotes":""},"categories":[6,81],"tags":[],"class_list":["post-174885","post","type-post","status-publish","format-standard","has-post-thumbnail","hentry","category-cidades","category-monteiro"],"_links":{"self":[{"href":"https:\/\/www.caririemacao.com\/1\/wp-json\/wp\/v2\/posts\/174885","targetHints":{"allow":["GET"]}}],"collection":[{"href":"https:\/\/www.caririemacao.com\/1\/wp-json\/wp\/v2\/posts"}],"about":[{"href":"https:\/\/www.caririemacao.com\/1\/wp-json\/wp\/v2\/types\/post"}],"author":[{"embeddable":true,"href":"https:\/\/www.caririemacao.com\/1\/wp-json\/wp\/v2\/users\/2"}],"replies":[{"embeddable":true,"href":"https:\/\/www.caririemacao.com\/1\/wp-json\/wp\/v2\/comments?post=174885"}],"version-history":[{"count":1,"href":"https:\/\/www.caririemacao.com\/1\/wp-json\/wp\/v2\/posts\/174885\/revisions"}],"predecessor-version":[{"id":174887,"href":"https:\/\/www.caririemacao.com\/1\/wp-json\/wp\/v2\/posts\/174885\/revisions\/174887"}],"wp:featuredmedia":[{"embeddable":true,"href":"https:\/\/www.caririemacao.com\/1\/wp-json\/wp\/v2\/media\/174886"}],"wp:attachment":[{"href":"https:\/\/www.caririemacao.com\/1\/wp-json\/wp\/v2\/media?parent=174885"}],"wp:term":[{"taxonomy":"category","embeddable":true,"href":"https:\/\/www.caririemacao.com\/1\/wp-json\/wp\/v2\/categories?post=174885"},{"taxonomy":"post_tag","embeddable":true,"href":"https:\/\/www.caririemacao.com\/1\/wp-json\/wp\/v2\/tags?post=174885"}],"curies":[{"name":"wp","href":"https:\/\/api.w.org\/{rel}","templated":true}]}}