{"id":174889,"date":"2020-06-18T13:28:28","date_gmt":"2020-06-18T16:28:28","guid":{"rendered":"https:\/\/www.caririemacao.com\/1\/?p=174889"},"modified":"2020-06-18T13:28:28","modified_gmt":"2020-06-18T16:28:28","slug":"bolsonaro-convoca-ministros-em-reacao-a-prisao-de-queiroz","status":"publish","type":"post","link":"https:\/\/www.caririemacao.com\/1\/2020\/06\/18\/bolsonaro-convoca-ministros-em-reacao-a-prisao-de-queiroz\/","title":{"rendered":"Bolsonaro convoca ministros em rea\u00e7\u00e3o \u00e0 pris\u00e3o de Queiroz"},"content":{"rendered":"\n<p>Com a\u00a0pris\u00e3o do policial militar aposentado Fabr\u00edcio Queiroz, o presidente Jair Bolsonaro afirmou nesta quinta-feira (18) a aliados que o Judici\u00e1rio tem tentado construir um clima pol\u00edtico com o objetivo de tir\u00e1-lo do cargo.<\/p>\n\n\n\n<p>Segundo relatos de assessores palacianos, o presidente considerou que n\u00e3o foi uma coincid\u00eancia o fato de, na mesma semana, terem sido feitas opera\u00e7\u00f5es de busca e apreens\u00e3o contra aliados no \u00e2mbito do inqu\u00e9rito que corre no STF (Supremo Tribunal Federal) sobre atos antidemocr\u00e1ticos, e prendido, via decis\u00e3o judicial do Rio, Queiroz, seu amigo e ex-assessor do senador Fl\u00e1vio Bolsonaro (Republicanos-RJ).<\/p>\n\n\n\n<p>Nas conversas reservadas, Bolsonaro se queixou, de acordo com relatos feitos \u00e0 reportagem, de que est\u00e3o tentando a todo custo encontrar alguma evid\u00eancia que o prejudique, mas ressaltou que reagir\u00e1 ao que chamou de cerco jur\u00eddico.<\/p>\n\n\n\n<p>Nesta quinta, o presidente n\u00e3o parou para conversar com apoiadores na porta do Pal\u00e1cio do Alvorada. Seguiu direto para o Planalto. Conforme noticiou a Folha de S.Paulo, o ministro da Justi\u00e7a, Andr\u00e9 Mendon\u00e7a, foi chamado para uma reuni\u00e3o para discutir uma estrat\u00e9gia de rea\u00e7\u00e3o. O ministro-chefe da AGU (Advocacia-Geral da Uni\u00e3o), Jos\u00e9 Levi, tamb\u00e9m deve ser chamado.<\/p>\n\n\n\n<p>No governo, h\u00e1 tanto quem defenda que o presidente deve reagir publicamente \u00e0 pris\u00e3o do amigo, com uma cr\u00edtica dura ao Judici\u00e1rio, e a resposta oficial para a defesa de seu filho, tentando, assim, se afastar do epis\u00f3dio.<\/p>\n\n\n\n<p>Fl\u00e1vio afirmou que a pris\u00e3o do ex-assessor \u00e9 \u201cmais uma pe\u00e7a movimentada no tabuleiro\u201d para atacar seu pai. \u201cEncaro com tranquilidade os acontecimentos de hoje. A verdade prevalecer\u00e1! Mais uma pe\u00e7a foi movimentada no tabuleiro para atacar Bolsonaro\u201d, escreveu em rede social.<\/p>\n\n\n\n<p>O receio, sobretudo na c\u00fapula militar, \u00e9 que, ao se posicionar, Bolsonaro reforce ainda mais o seu v\u00ednculo com Queiroz e com o advogado Frederick Wassef. O policial aposentado foi preso em Atibaia em um im\u00f3vel de Wassef, que \u00e9 advogado do presidente.<\/p>\n\n\n\n<p>Para integrantes do n\u00facleo fardado, o melhor neste momento seria que Bolsonaro se afastasse publicamente de Wassef e que deixasse o advogado se explicar sobre o motivo de Queiroz ter se abrigado em uma de suas propriedades.<\/p>\n\n\n\n<p>Apesar de defenderem a estrat\u00e9gia do sil\u00eancio, militares do governo reconhecem que, neste caso, \u00e9 imposs\u00edvel dissociar o presidente do advogado, figura frequente no Pal\u00e1cio do Planalto.<\/p>\n\n\n\n<p>Nesta quinta-feira (18), em um comportamento at\u00edpico, Bolsonaro n\u00e3o parou para conversar com um grupo de eleitores que o esperava na entrada do Pal\u00e1cio da Alvorada.<\/p>\n\n\n\n<p>Queiroz \u00e9 investigado por participa\u00e7\u00e3o em suposto esquema de \u201crachadinha\u201d na Assembleia Legislativa do Rio de Janeiro, no gabinete do ent\u00e3o deputado estadual Fl\u00e1vio Bolsonaro.<\/p>\n\n\n\n<p>\u201cRachadinha\u201d \u00e9 quando funcion\u00e1rios s\u00e3o coagidos a devolver parte de seus sal\u00e1rios. O filho de Bolsonaro foi deputado estadual de fevereiro de 2003 a janeiro de 2019.<\/p>\n\n\n\n<p>A opera\u00e7\u00e3o que prendeu Queiroz em S\u00e3o Paulo foi comandada pelo delegado Nico Gon\u00e7alves, chefe do Dope (Departamento de Opera\u00e7\u00f5es Policiais Estrat\u00e9gicas) da Pol\u00edcia Civil.<\/p>\n","protected":false},"excerpt":{"rendered":"<p>Com a\u00a0pris\u00e3o do policial militar aposentado Fabr\u00edcio Queiroz, o presidente Jair Bolsonaro afirmou nesta quinta-feira (18) a aliados que o Judici\u00e1rio tem tentado construir um&hellip; <\/p>\n","protected":false},"author":2,"featured_media":174890,"comment_status":"closed","ping_status":"closed","sticky":false,"template":"","format":"standard","meta":{"sfsi_plus_gutenberg_text_before_share":"","sfsi_plus_gutenberg_show_text_before_share":"","sfsi_plus_gutenberg_icon_type":"","sfsi_plus_gutenberg_icon_alignemt":"","sfsi_plus_gutenburg_max_per_row":"","footnotes":""},"categories":[11],"tags":[],"class_list":["post-174889","post","type-post","status-publish","format-standard","has-post-thumbnail","hentry","category-politica"],"_links":{"self":[{"href":"https:\/\/www.caririemacao.com\/1\/wp-json\/wp\/v2\/posts\/174889","targetHints":{"allow":["GET"]}}],"collection":[{"href":"https:\/\/www.caririemacao.com\/1\/wp-json\/wp\/v2\/posts"}],"about":[{"href":"https:\/\/www.caririemacao.com\/1\/wp-json\/wp\/v2\/types\/post"}],"author":[{"embeddable":true,"href":"https:\/\/www.caririemacao.com\/1\/wp-json\/wp\/v2\/users\/2"}],"replies":[{"embeddable":true,"href":"https:\/\/www.caririemacao.com\/1\/wp-json\/wp\/v2\/comments?post=174889"}],"version-history":[{"count":1,"href":"https:\/\/www.caririemacao.com\/1\/wp-json\/wp\/v2\/posts\/174889\/revisions"}],"predecessor-version":[{"id":174891,"href":"https:\/\/www.caririemacao.com\/1\/wp-json\/wp\/v2\/posts\/174889\/revisions\/174891"}],"wp:featuredmedia":[{"embeddable":true,"href":"https:\/\/www.caririemacao.com\/1\/wp-json\/wp\/v2\/media\/174890"}],"wp:attachment":[{"href":"https:\/\/www.caririemacao.com\/1\/wp-json\/wp\/v2\/media?parent=174889"}],"wp:term":[{"taxonomy":"category","embeddable":true,"href":"https:\/\/www.caririemacao.com\/1\/wp-json\/wp\/v2\/categories?post=174889"},{"taxonomy":"post_tag","embeddable":true,"href":"https:\/\/www.caririemacao.com\/1\/wp-json\/wp\/v2\/tags?post=174889"}],"curies":[{"name":"wp","href":"https:\/\/api.w.org\/{rel}","templated":true}]}}