{"id":174893,"date":"2020-06-18T13:31:07","date_gmt":"2020-06-18T16:31:07","guid":{"rendered":"https:\/\/www.caririemacao.com\/1\/?p=174893"},"modified":"2020-06-18T13:31:07","modified_gmt":"2020-06-18T16:31:07","slug":"flavio-bolsonaro-prisao-de-ex-assessor-e-peca-no-tabuleiro-para-atacar-o-presidente","status":"publish","type":"post","link":"https:\/\/www.caririemacao.com\/1\/2020\/06\/18\/flavio-bolsonaro-prisao-de-ex-assessor-e-peca-no-tabuleiro-para-atacar-o-presidente\/","title":{"rendered":"Fl\u00e1vio Bolsonaro: pris\u00e3o de ex-assessor \u00e9 pe\u00e7a no tabuleiro para atacar o presidente"},"content":{"rendered":"\n<p>O senador Fl\u00e1vio Bolsonaro (Republicanos-RJ) afirmou que a\u00a0pris\u00e3o do ex-assessor Fabr\u00edcio Queiroz\u00a0nesta quinta-feira (18) \u00e9 \u201cmais uma pe\u00e7a movimentada no tabuleiro\u201d para atacar seu pai, o presidente Jair Bolsonaro (sem partido).<\/p>\n\n\n\n<p>\u201cEncaro com tranquilidade os acontecimentos de hoje. A verdade prevalecer\u00e1! Mais uma pe\u00e7a foi movimentada no tabuleiro para atacar Bolsonaro\u201d, escreveu em rede social.<\/p>\n\n\n\n<p>\u201cEm 16 anos como deputado no Rio nunca houve uma v\u00edrgula contra mim. Bastou o Presidente Bolsonaro se eleger para mudar tudo! O jogo \u00e9 bruto! \u201c, afirmou.<br>Jair Bolsonaro ainda n\u00e3o se pronunciou.<\/p>\n\n\n\n<p>Senadores da oposi\u00e7\u00e3o j\u00e1 comentaram a pris\u00e3o de Queiroz. O l\u00edder da minoria no Senado, Randolfe Rodrigues (Rede-AP), cobrou o andamento da den\u00fancia que pede cassa\u00e7\u00e3o do mandato de Fl\u00e1vio no Conselho de \u00c9tica da Casa.<\/p>\n\n\n\n<p>\u201cEst\u00e1 na hora da nossa den\u00fancia contra Fl\u00e1vio andar. Tem que ser cassado URGENTE! O senador e filho do presidente deve respostas \u00e0 justi\u00e7a\u201d, escreveu o senador em sua rede social.<\/p>\n\n\n\n<p>O l\u00edder do PT no Senado, Rog\u00e9rio Carvalho (PT-SE), tamb\u00e9m repercutiu a pris\u00e3o, destacando que Queiroz foi encontrado na casa do advogado do senador e do presidente da Rep\u00fablica.<\/p>\n\n\n\n<p>\u201cFinalmente Queiroz foi preso. Quase 2 anos ap\u00f3s o in\u00edcio da investiga\u00e7\u00e3o da rachadinha, corrup\u00e7\u00e3o. Detido na de um advogado de Fl\u00e1vio Bolsonaro. E agora presidente Bolsonaro? Vai se queixar tamb\u00e9m de persegui\u00e7\u00e3o neste caso?\u201d, questionou o petista.<\/p>\n\n\n\n<p>Queiroz foi preso em uma casa que pertence ao advogado Frederick Wassef, que atua na defesa de Fl\u00e1vio e de seu pai.<\/p>\n\n\n\n<p>Queiroz teve mandado de pris\u00e3o preventiva expedido pela Justi\u00e7a do Rio de Janeiro. A opera\u00e7\u00e3o \u201cAnjo\u201d \u00e9 um desdobramento da investiga\u00e7\u00e3o de um suposto esquema de \u201crachadinha\u201d no gabinete de Fl\u00e1vio na Assembleia Legislativa do Rio de Janeiro \u00e0 \u00e9poca em que ele foi deputado estadual.<\/p>\n\n\n\n<p>Al\u00e9m de Queiroz, a esposa do ex-assessor, M\u00e1rcia Aguiar, tamb\u00e9m teve a pris\u00e3o decretada. Ela foi assessora no gabinete do ent\u00e3o deputado estadual e n\u00e3o foi encontrada em seu endere\u00e7o. M\u00e1rcia \u00e9 considerada foragida.<\/p>\n","protected":false},"excerpt":{"rendered":"<p>O senador Fl\u00e1vio Bolsonaro (Republicanos-RJ) afirmou que a\u00a0pris\u00e3o do ex-assessor Fabr\u00edcio Queiroz\u00a0nesta quinta-feira (18) \u00e9 \u201cmais uma pe\u00e7a movimentada no tabuleiro\u201d para atacar seu pai,&hellip; <\/p>\n","protected":false},"author":2,"featured_media":82541,"comment_status":"closed","ping_status":"closed","sticky":false,"template":"","format":"standard","meta":{"sfsi_plus_gutenberg_text_before_share":"","sfsi_plus_gutenberg_show_text_before_share":"","sfsi_plus_gutenberg_icon_type":"","sfsi_plus_gutenberg_icon_alignemt":"","sfsi_plus_gutenburg_max_per_row":"","footnotes":""},"categories":[11],"tags":[],"class_list":["post-174893","post","type-post","status-publish","format-standard","has-post-thumbnail","hentry","category-politica"],"_links":{"self":[{"href":"https:\/\/www.caririemacao.com\/1\/wp-json\/wp\/v2\/posts\/174893","targetHints":{"allow":["GET"]}}],"collection":[{"href":"https:\/\/www.caririemacao.com\/1\/wp-json\/wp\/v2\/posts"}],"about":[{"href":"https:\/\/www.caririemacao.com\/1\/wp-json\/wp\/v2\/types\/post"}],"author":[{"embeddable":true,"href":"https:\/\/www.caririemacao.com\/1\/wp-json\/wp\/v2\/users\/2"}],"replies":[{"embeddable":true,"href":"https:\/\/www.caririemacao.com\/1\/wp-json\/wp\/v2\/comments?post=174893"}],"version-history":[{"count":1,"href":"https:\/\/www.caririemacao.com\/1\/wp-json\/wp\/v2\/posts\/174893\/revisions"}],"predecessor-version":[{"id":174894,"href":"https:\/\/www.caririemacao.com\/1\/wp-json\/wp\/v2\/posts\/174893\/revisions\/174894"}],"wp:featuredmedia":[{"embeddable":true,"href":"https:\/\/www.caririemacao.com\/1\/wp-json\/wp\/v2\/media\/82541"}],"wp:attachment":[{"href":"https:\/\/www.caririemacao.com\/1\/wp-json\/wp\/v2\/media?parent=174893"}],"wp:term":[{"taxonomy":"category","embeddable":true,"href":"https:\/\/www.caririemacao.com\/1\/wp-json\/wp\/v2\/categories?post=174893"},{"taxonomy":"post_tag","embeddable":true,"href":"https:\/\/www.caririemacao.com\/1\/wp-json\/wp\/v2\/tags?post=174893"}],"curies":[{"name":"wp","href":"https:\/\/api.w.org\/{rel}","templated":true}]}}