{"id":174896,"date":"2020-06-18T13:34:28","date_gmt":"2020-06-18T16:34:28","guid":{"rendered":"https:\/\/www.caririemacao.com\/1\/?p=174896"},"modified":"2020-06-18T13:34:28","modified_gmt":"2020-06-18T16:34:28","slug":"detran-retoma-avaliacao-da-junta-medica-especial-a-partir-da-proxima-segunda-feira-na-paraiba","status":"publish","type":"post","link":"https:\/\/www.caririemacao.com\/1\/2020\/06\/18\/detran-retoma-avaliacao-da-junta-medica-especial-a-partir-da-proxima-segunda-feira-na-paraiba\/","title":{"rendered":"Detran retoma avalia\u00e7\u00e3o da Junta M\u00e9dica Especial a partir da pr\u00f3xima segunda-feira na Para\u00edba"},"content":{"rendered":"\n<p>O&nbsp;Departamento Estadual de Tr\u00e2nsito (Detran-PB)&nbsp;retoma a partir da pr\u00f3xima segunda-feira (22),&nbsp;a avalia\u00e7\u00e3o pela Junta M\u00e9dica Especial dos candidatos portadores de alguma defici\u00eancia. Para isso, foi elaborado um Calend\u00e1rio de Redistribui\u00e7\u00e3o das datas dos exames anteriormente agendados para esse fim.<\/p>\n\n\n\n<p>Os atendimentos acontecer\u00e3o na sede do Detran-PB, em Mangabeira, das 7h30 \u00e0s 13h30, seguindo o cronograma de redistribui\u00e7\u00e3o elaborado pela Controladoria Regional de Tr\u00e2nsito (CRT). Segundo o gerente da unidade, Manoel Soares Neto, ser\u00e3o atendidos aqueles candidatos que j\u00e1 estavam agendados antes da suspens\u00e3o dos servi\u00e7os por conta da pandemia do novo coronav\u00edrus. Mais informa\u00e7\u00f5es podem ser obtidas por meio dos telefones (83) 3216-2590 e 3216-2586.<\/p>\n\n\n\n<p>Os candidatos anteriormente agendados para o dia 19 de mar\u00e7o ser\u00e3o atendidos junto com os agendamentos para esta segunda-feira (22).&nbsp;<\/p>\n\n\n\n<p>Segue, abaixo, o calend\u00e1rio de redistribui\u00e7\u00e3o:<\/p>\n\n\n\n<figure class=\"wp-block-image\"><img decoding=\"async\" data-src=\"https:\/\/www.clickpb.com.br\/media\/filer_public\/d7\/ee\/d7ee67b1-8b25-4f9d-ba8b-cc1c17e05df8\/exame.jpg\" alt=\"\" src=\"data:image\/svg+xml;base64,PHN2ZyB3aWR0aD0iMSIgaGVpZ2h0PSIxIiB4bWxucz0iaHR0cDovL3d3dy53My5vcmcvMjAwMC9zdmciPjwvc3ZnPg==\" class=\"lazyload\" \/><\/figure>\n\n\n\n<figure class=\"wp-block-image\"><img decoding=\"async\" data-src=\"https:\/\/www.clickpb.com.br\/media\/filer_public\/4f\/8d\/4f8d14a2-d6f4-4132-bda5-3ebe11961d71\/exame_1.jpg\" alt=\"\" src=\"data:image\/svg+xml;base64,PHN2ZyB3aWR0aD0iMSIgaGVpZ2h0PSIxIiB4bWxucz0iaHR0cDovL3d3dy53My5vcmcvMjAwMC9zdmciPjwvc3ZnPg==\" class=\"lazyload\" \/><\/figure>\n\n\n\n<figure class=\"wp-block-image\"><img decoding=\"async\" data-src=\"https:\/\/www.clickpb.com.br\/media\/filer_public\/07\/1f\/071f022c-adeb-4fc2-947f-10a858027075\/exame_2.jpg\" alt=\"\" src=\"data:image\/svg+xml;base64,PHN2ZyB3aWR0aD0iMSIgaGVpZ2h0PSIxIiB4bWxucz0iaHR0cDovL3d3dy53My5vcmcvMjAwMC9zdmciPjwvc3ZnPg==\" class=\"lazyload\" \/><\/figure>\n\n\n\n<figure class=\"wp-block-image\"><img decoding=\"async\" data-src=\"https:\/\/www.clickpb.com.br\/media\/filer_public\/d8\/02\/d80245e6-0b3e-45ce-b129-191662e5e200\/exame_3.jpg\" alt=\"\" src=\"data:image\/svg+xml;base64,PHN2ZyB3aWR0aD0iMSIgaGVpZ2h0PSIxIiB4bWxucz0iaHR0cDovL3d3dy53My5vcmcvMjAwMC9zdmciPjwvc3ZnPg==\" class=\"lazyload\" \/><\/figure>\n\n\n\n<figure class=\"wp-block-image\"><img decoding=\"async\" data-src=\"https:\/\/www.clickpb.com.br\/media\/filer_public\/79\/04\/79041133-a995-4194-8221-b3a9dcbe7e3b\/exame4.jpg\" alt=\"\" src=\"data:image\/svg+xml;base64,PHN2ZyB3aWR0aD0iMSIgaGVpZ2h0PSIxIiB4bWxucz0iaHR0cDovL3d3dy53My5vcmcvMjAwMC9zdmciPjwvc3ZnPg==\" class=\"lazyload\" \/><\/figure>\n","protected":false},"excerpt":{"rendered":"<p>O&nbsp;Departamento Estadual de Tr\u00e2nsito (Detran-PB)&nbsp;retoma a partir da pr\u00f3xima segunda-feira (22),&nbsp;a avalia\u00e7\u00e3o pela Junta M\u00e9dica Especial dos candidatos portadores de alguma defici\u00eancia. Para isso, foi&hellip; <\/p>\n","protected":false},"author":2,"featured_media":137154,"comment_status":"closed","ping_status":"closed","sticky":false,"template":"","format":"standard","meta":{"sfsi_plus_gutenberg_text_before_share":"","sfsi_plus_gutenberg_show_text_before_share":"","sfsi_plus_gutenberg_icon_type":"","sfsi_plus_gutenberg_icon_alignemt":"","sfsi_plus_gutenburg_max_per_row":"","footnotes":""},"categories":[2],"tags":[],"class_list":["post-174896","post","type-post","status-publish","format-standard","has-post-thumbnail","hentry","category-geral"],"_links":{"self":[{"href":"https:\/\/www.caririemacao.com\/1\/wp-json\/wp\/v2\/posts\/174896","targetHints":{"allow":["GET"]}}],"collection":[{"href":"https:\/\/www.caririemacao.com\/1\/wp-json\/wp\/v2\/posts"}],"about":[{"href":"https:\/\/www.caririemacao.com\/1\/wp-json\/wp\/v2\/types\/post"}],"author":[{"embeddable":true,"href":"https:\/\/www.caririemacao.com\/1\/wp-json\/wp\/v2\/users\/2"}],"replies":[{"embeddable":true,"href":"https:\/\/www.caririemacao.com\/1\/wp-json\/wp\/v2\/comments?post=174896"}],"version-history":[{"count":1,"href":"https:\/\/www.caririemacao.com\/1\/wp-json\/wp\/v2\/posts\/174896\/revisions"}],"predecessor-version":[{"id":174897,"href":"https:\/\/www.caririemacao.com\/1\/wp-json\/wp\/v2\/posts\/174896\/revisions\/174897"}],"wp:featuredmedia":[{"embeddable":true,"href":"https:\/\/www.caririemacao.com\/1\/wp-json\/wp\/v2\/media\/137154"}],"wp:attachment":[{"href":"https:\/\/www.caririemacao.com\/1\/wp-json\/wp\/v2\/media?parent=174896"}],"wp:term":[{"taxonomy":"category","embeddable":true,"href":"https:\/\/www.caririemacao.com\/1\/wp-json\/wp\/v2\/categories?post=174896"},{"taxonomy":"post_tag","embeddable":true,"href":"https:\/\/www.caririemacao.com\/1\/wp-json\/wp\/v2\/tags?post=174896"}],"curies":[{"name":"wp","href":"https:\/\/api.w.org\/{rel}","templated":true}]}}