{"id":174899,"date":"2020-06-18T13:37:00","date_gmt":"2020-06-18T16:37:00","guid":{"rendered":"https:\/\/www.caririemacao.com\/1\/?p=174899"},"modified":"2020-06-18T13:37:00","modified_gmt":"2020-06-18T16:37:00","slug":"assembleia-aprova-proibicao-de-fogueiras-durante-o-sao-joao-na-paraiba","status":"publish","type":"post","link":"https:\/\/www.caririemacao.com\/1\/2020\/06\/18\/assembleia-aprova-proibicao-de-fogueiras-durante-o-sao-joao-na-paraiba\/","title":{"rendered":"Assembleia aprova proibi\u00e7\u00e3o de fogueiras durante o S\u00e3o Jo\u00e3o na Para\u00edba"},"content":{"rendered":"\n<p>Assembleia Legislativa da Para\u00edba (ALPB)&nbsp;aprovou, nesta quinta-feira (18), o&nbsp;projeto de lei 1.871\/2020,&nbsp;que disp\u00f5e sobre a&nbsp;proibi\u00e7\u00e3o de acender fogueiras&nbsp;em espa\u00e7os urbanos&nbsp;enquanto perdurar a pandemia causada pelo novo coronav\u00edrus (Covid-19). A proposta, de autoria do presidente da Casa, Adriano Galdino, foi aprovada por maioria durante sess\u00e3o extraordin\u00e1ria remota.<\/p>\n\n\n\n<p>Adriano Galdino ressaltou que \u00e9 uma&nbsp;medida excepcional, que vai ao encontro do posicionamento do Minist\u00e9rio P\u00fablico da Para\u00edba (MPPB), que expediu, recentemente, recomenda\u00e7\u00e3o a alguns munic\u00edpios para que pro\u00edba as fogueiras e fogos juninos. O n\u00e3o cumprimento da determina\u00e7\u00e3o, segundo o projeto, implicar\u00e1 ao infrator a imposi\u00e7\u00e3o de multas por parte dos \u00f3rg\u00e3os p\u00fablicos competentes, no valor de 10 (dez) UFR-PB, aplicada em dobro em caso de reincid\u00eancia.<\/p>\n\n\n\n<p>De acordo com os profissionais de sa\u00fade, a doen\u00e7a compromete o sistema respirat\u00f3rio, dificultando a respira\u00e7\u00e3o. Desta forma, o acendimento de fogueiras durante os festejos de junho poderia agravar o estado de sa\u00fade das pessoas contaminadas pela Covid-19.<\/p>\n\n\n\n<p>O presidente Galdino considera importante a colabora\u00e7\u00e3o dos paraibanos, uma vez que a fogueira no m\u00eas de junho \u00e9 tradicional para o Nordeste, que festeja os dias dos santos Pedro, Ant\u00f4nio e Jo\u00e3o. \u201cA raz\u00e3o principal dessas a\u00e7\u00f5es \u00e9 a pandemia provocada pelo coronav\u00edrus, que afeta justamente o sistema respirat\u00f3rio-pulmonar. M\u00e9dicos entendem que a fuma\u00e7a oriunda das fogueiras pode agravar ainda mais a doen\u00e7a\u201d, explicou.<\/p>\n\n\n\n<p><strong>Campanha<\/strong>&nbsp;\u2013 O Legislativo Estadual tamb\u00e9m lan\u00e7ou uma campanha de conscientiza\u00e7\u00e3o e recomenda\u00e7\u00e3o para que a popula\u00e7\u00e3o n\u00e3o acenda fogueiras durante os festejos juninos. A campanha ser\u00e1 realizada atrav\u00e9s das redes sociais da ALPB. Os deputados est\u00e3o empenhados em aderir \u00e0 campanha e buscar formas de conscientizar a popula\u00e7\u00e3o.<\/p>\n","protected":false},"excerpt":{"rendered":"<p>Assembleia Legislativa da Para\u00edba (ALPB)&nbsp;aprovou, nesta quinta-feira (18), o&nbsp;projeto de lei 1.871\/2020,&nbsp;que disp\u00f5e sobre a&nbsp;proibi\u00e7\u00e3o de acender fogueiras&nbsp;em espa\u00e7os urbanos&nbsp;enquanto perdurar a pandemia causada pelo&hellip; <\/p>\n","protected":false},"author":2,"featured_media":173279,"comment_status":"closed","ping_status":"closed","sticky":false,"template":"","format":"standard","meta":{"sfsi_plus_gutenberg_text_before_share":"","sfsi_plus_gutenberg_show_text_before_share":"","sfsi_plus_gutenberg_icon_type":"","sfsi_plus_gutenberg_icon_alignemt":"","sfsi_plus_gutenburg_max_per_row":"","footnotes":""},"categories":[11],"tags":[],"class_list":["post-174899","post","type-post","status-publish","format-standard","has-post-thumbnail","hentry","category-politica"],"_links":{"self":[{"href":"https:\/\/www.caririemacao.com\/1\/wp-json\/wp\/v2\/posts\/174899","targetHints":{"allow":["GET"]}}],"collection":[{"href":"https:\/\/www.caririemacao.com\/1\/wp-json\/wp\/v2\/posts"}],"about":[{"href":"https:\/\/www.caririemacao.com\/1\/wp-json\/wp\/v2\/types\/post"}],"author":[{"embeddable":true,"href":"https:\/\/www.caririemacao.com\/1\/wp-json\/wp\/v2\/users\/2"}],"replies":[{"embeddable":true,"href":"https:\/\/www.caririemacao.com\/1\/wp-json\/wp\/v2\/comments?post=174899"}],"version-history":[{"count":2,"href":"https:\/\/www.caririemacao.com\/1\/wp-json\/wp\/v2\/posts\/174899\/revisions"}],"predecessor-version":[{"id":174901,"href":"https:\/\/www.caririemacao.com\/1\/wp-json\/wp\/v2\/posts\/174899\/revisions\/174901"}],"wp:featuredmedia":[{"embeddable":true,"href":"https:\/\/www.caririemacao.com\/1\/wp-json\/wp\/v2\/media\/173279"}],"wp:attachment":[{"href":"https:\/\/www.caririemacao.com\/1\/wp-json\/wp\/v2\/media?parent=174899"}],"wp:term":[{"taxonomy":"category","embeddable":true,"href":"https:\/\/www.caririemacao.com\/1\/wp-json\/wp\/v2\/categories?post=174899"},{"taxonomy":"post_tag","embeddable":true,"href":"https:\/\/www.caririemacao.com\/1\/wp-json\/wp\/v2\/tags?post=174899"}],"curies":[{"name":"wp","href":"https:\/\/api.w.org\/{rel}","templated":true}]}}