{"id":174907,"date":"2020-06-18T14:24:46","date_gmt":"2020-06-18T17:24:46","guid":{"rendered":"https:\/\/www.caririemacao.com\/1\/?p=174907"},"modified":"2020-06-18T14:24:46","modified_gmt":"2020-06-18T17:24:46","slug":"eleicoes-2020-pleito-vai-ocorrer-entre-15-de-novembro-e-20-de-dezembro","status":"publish","type":"post","link":"https:\/\/www.caririemacao.com\/1\/2020\/06\/18\/eleicoes-2020-pleito-vai-ocorrer-entre-15-de-novembro-e-20-de-dezembro\/","title":{"rendered":"Elei\u00e7\u00f5es 2020: pleito vai ocorrer entre 15 de novembro e 20 de dezembro"},"content":{"rendered":"\n<h1 class=\"wp-block-heading\"><\/h1>\n\n\n\n<p>Autoridades do Tribunal Superior Eleitoral (TSE), do Senado, da C\u00e2mara dos Deputados e especialistas em sa\u00fade participaram de uma reuni\u00e3o virtual nesta ter\u00e7a-feira (16) para discutir a necessidade de adiamento das Elei\u00e7\u00f5es 2020 em raz\u00e3o da pandemia causada pelo coronav\u00edrus (Covid-19). Entre os participantes, houve um consenso pelo adiamento do pleito por algumas semanas, garantindo que seja realizada ainda este ano, em data a ser definida pelo Congresso Nacional com base em uma janela que varia entre os dias 15 de novembro e 20 de dezembro.<\/p>\n\n\n\n<p>O presidente do Tribunal Superior Eleitoral, ministro Lu\u00eds Roberto Barroso, destacou que \u201cesse foi um encontro interessante entre ci\u00eancia, direito e pol\u00edtica com a proposta de encontrarmos a melhor solu\u00e7\u00e3o para o pa\u00eds\u201d. Ele afirmou ainda que a palavra final \u00e9 do Legislativo, que deve deliberar para conciliar as demandas da sa\u00fade p\u00fablica com a democracia.<\/p>\n\n\n\n<p>A discuss\u00e3o contou tamb\u00e9m com a participa\u00e7\u00e3o do vice-presidente da Corte, Edson Fachin, do presidente da C\u00e2mara dos Deputados, Rodrigo Maia, do Senado Federal, Davi Alcolumbre, e de renomados m\u00e9dicos e cientistas como David Uip; Clovis Arns da Cunha; Esper Kall\u00e1s; Ana Ribeiro; Roberto Kraenkel; Paulo Lotufo; Gonzalo Vecina; e Atila Iamarino. Tamb\u00e9m participaram diversos l\u00edderes partid\u00e1rios das duas Casas do Congresso Nacional.<\/p>\n\n\n\n<p>Cada especialista fez interven\u00e7\u00f5es curtas, de tr\u00eas a cinco minutos cada, para falar do quadro atual e da perspectiva para os pr\u00f3ximos meses em rela\u00e7\u00e3o \u00e0 evolu\u00e7\u00e3o e ao controle da doen\u00e7a. Em cada manifesta\u00e7\u00e3o, os m\u00e9dicos refor\u00e7aram as caracter\u00edsticas \u00fanicas desse v\u00edrus, que acomete principalmente os mais vulner\u00e1veis e com limitadas op\u00e7\u00f5es de tratamento. Eles destacaram que esta n\u00e3o \u00e9 uma gripe como outras que j\u00e1 surgiram, principalmente porque atinge rapidamente os \u00f3rg\u00e3os e tem alto \u00edndice de mortalidade.<\/p>\n\n\n\n<p>O m\u00e9dico David Uip, por exemplo, pontuou que o Brasil \u00e9 um pa\u00eds continental e, por essa raz\u00e3o, a doen\u00e7a se manifesta de forma heterog\u00eanea dependendo de cada regi\u00e3o. Entre as sugest\u00f5es apresentadas para al\u00e9m do adiamento do pleito, h\u00e1 a possibilidade de hor\u00e1rios estendidos para a vota\u00e7\u00e3o, defini\u00e7\u00e3o de hor\u00e1rios espec\u00edficos para popula\u00e7\u00e3o vulner\u00e1vel, treinamento e simula\u00e7\u00e3o sobre medidas de higiene para todos que v\u00e3o trabalhar e aumento dos locais de vota\u00e7\u00e3o para evitar aglomera\u00e7\u00f5es.<\/p>\n\n\n\n<p><strong>Parlamento<\/strong><\/p>\n\n\n\n<p>O presidente do Senado fez quest\u00e3o de ressaltar a import\u00e2ncia do significado desse encontro para debater o adiamento das elei\u00e7\u00f5es e afirmou que \u201cinstitui\u00e7\u00f5es que t\u00eam responsabilidade em momentos hist\u00f3ricos como o que estamos vivendo t\u00eam a consci\u00eancia de que essa decis\u00e3o necessariamente precisa ser em conjunto\u201d.<\/p>\n\n\n\n<p>Segundo Alcolumbre, h\u00e1 um significado simb\u00f3lico no fato de ouvir os representantes do povo, o que demonstra o respeito do TSE pelo Parlamento ao envolver todos nessa discuss\u00e3o desde o ponto de partida at\u00e9 a solu\u00e7\u00e3o. Alcolumbre tamb\u00e9m registrou seu agradecimento \u00e0 Justi\u00e7a Eleitoral principalmente pelo comprometimento e pela valoriza\u00e7\u00e3o da ci\u00eancia.<\/p>\n\n\n\n<p>\u201cOuvir a medicina e profissionais de sa\u00fade \u00e9 fundamental\u201d, disse ele, ao exaltar que a uni\u00e3o entre ci\u00eancia, Poder Legislativo e Poder Judici\u00e1rio na constru\u00e7\u00e3o de alternativas para cuidar da vida dos brasileiros fortalece a democracia e garante que as elei\u00e7\u00f5es ser\u00e3o realizadas com seguran\u00e7a.<\/p>\n\n\n\n<p>O presidente da C\u00e2mara, por sua vez, refor\u00e7ou que, acima dos interesses pol\u00edticos envolvidos nas elei\u00e7\u00f5es, deve estar o bem comum. \u201cN\u00f3s temos que pensar no bem de todos e garantir a sa\u00fade da popula\u00e7\u00e3o\u201d, afirmou.<\/p>\n\n\n\n<p>Outros parlamentares das duas casas fizeram suas exposi\u00e7\u00f5es com base nas informa\u00e7\u00f5es das regi\u00f5es que representam e apontaram sugest\u00f5es a serem analisadas.<\/p>\n\n\n\n<p><strong>Considera\u00e7\u00f5es finais<\/strong><\/p>\n\n\n\n<p>Barroso afirmou que o objetivo maior dessa reuni\u00e3o \u00e9 colher informa\u00e7\u00f5es t\u00e9cnicas e cient\u00edficas a respeito do adiamento. Segundo ele, o ideal \u00e9 que essa defini\u00e7\u00e3o seja feita at\u00e9 o dia 30 de junho, em virtude do calend\u00e1rio eleitoral. Ele falou da possibilidade de cria\u00e7\u00e3o de uma cartilha de orienta\u00e7\u00e3o para eleitores e mes\u00e1rios sobre como se comportar no dia da vota\u00e7\u00e3o.<\/p>\n\n\n\n<p>Ele tamb\u00e9m destacou as discuss\u00f5es que&nbsp;est\u00e3o sendo analisadas no \u00e2mbito da Justi\u00e7a Eleitoral,&nbsp;tais como a possibilidade de suspens\u00e3o da identifica\u00e7\u00e3o do eleitor por meio da biometria para diminuir o contato f\u00edsico entre os envolvidos.<\/p>\n\n\n\n<p>Al\u00e9m disso, o presidente do TSE lembrou que realizar a vota\u00e7\u00e3o em dois dias implica em um gasto extra de cerca de R$ 180 milh\u00f5es. Os custos s\u00e3o relativos \u00e0 alimenta\u00e7\u00e3o de mes\u00e1rios e \u00e0 atua\u00e7\u00e3o de militares para garantir a seguran\u00e7a das urnas nos locais de vota\u00e7\u00e3o de um dia para outro, por exemplo.<\/p>\n\n\n\n<p>J\u00e1 o ministro Edson Fachin afirmou que pr\u00e1ticas democr\u00e1ticas s\u00e3o imprescind\u00edveis, especialmente nas crises e emerg\u00eancias. Para ele, manter a condi\u00e7\u00e3o de normalidade poss\u00edvel \u00e0s elei\u00e7\u00f5es peri\u00f3dicas faz bem para a sa\u00fade da democracia. \u201cA Justi\u00e7a Eleitoral estar\u00e1 \u00e0 disposi\u00e7\u00e3o da sociedade brasileira para levar a efeito um processo eleitoral com a normalidade poss\u00edvel e com toda legitimidade\u201d, disse.<\/p>\n","protected":false},"excerpt":{"rendered":"<p>Autoridades do Tribunal Superior Eleitoral (TSE), do Senado, da C\u00e2mara dos Deputados e especialistas em sa\u00fade participaram de uma reuni\u00e3o virtual nesta ter\u00e7a-feira (16) para&hellip; <\/p>\n","protected":false},"author":2,"featured_media":174908,"comment_status":"closed","ping_status":"closed","sticky":false,"template":"","format":"standard","meta":{"sfsi_plus_gutenberg_text_before_share":"","sfsi_plus_gutenberg_show_text_before_share":"","sfsi_plus_gutenberg_icon_type":"","sfsi_plus_gutenberg_icon_alignemt":"","sfsi_plus_gutenburg_max_per_row":"","footnotes":""},"categories":[2],"tags":[],"class_list":["post-174907","post","type-post","status-publish","format-standard","has-post-thumbnail","hentry","category-geral"],"_links":{"self":[{"href":"https:\/\/www.caririemacao.com\/1\/wp-json\/wp\/v2\/posts\/174907","targetHints":{"allow":["GET"]}}],"collection":[{"href":"https:\/\/www.caririemacao.com\/1\/wp-json\/wp\/v2\/posts"}],"about":[{"href":"https:\/\/www.caririemacao.com\/1\/wp-json\/wp\/v2\/types\/post"}],"author":[{"embeddable":true,"href":"https:\/\/www.caririemacao.com\/1\/wp-json\/wp\/v2\/users\/2"}],"replies":[{"embeddable":true,"href":"https:\/\/www.caririemacao.com\/1\/wp-json\/wp\/v2\/comments?post=174907"}],"version-history":[{"count":1,"href":"https:\/\/www.caririemacao.com\/1\/wp-json\/wp\/v2\/posts\/174907\/revisions"}],"predecessor-version":[{"id":174909,"href":"https:\/\/www.caririemacao.com\/1\/wp-json\/wp\/v2\/posts\/174907\/revisions\/174909"}],"wp:featuredmedia":[{"embeddable":true,"href":"https:\/\/www.caririemacao.com\/1\/wp-json\/wp\/v2\/media\/174908"}],"wp:attachment":[{"href":"https:\/\/www.caririemacao.com\/1\/wp-json\/wp\/v2\/media?parent=174907"}],"wp:term":[{"taxonomy":"category","embeddable":true,"href":"https:\/\/www.caririemacao.com\/1\/wp-json\/wp\/v2\/categories?post=174907"},{"taxonomy":"post_tag","embeddable":true,"href":"https:\/\/www.caririemacao.com\/1\/wp-json\/wp\/v2\/tags?post=174907"}],"curies":[{"name":"wp","href":"https:\/\/api.w.org\/{rel}","templated":true}]}}