{"id":174915,"date":"2020-06-18T14:34:24","date_gmt":"2020-06-18T17:34:24","guid":{"rendered":"https:\/\/www.caririemacao.com\/1\/?p=174915"},"modified":"2020-06-18T14:34:24","modified_gmt":"2020-06-18T17:34:24","slug":"10-armas-sao-apreendidas-pela-policia-militar-durante-operacao-no-cariri","status":"publish","type":"post","link":"https:\/\/www.caririemacao.com\/1\/2020\/06\/18\/10-armas-sao-apreendidas-pela-policia-militar-durante-operacao-no-cariri\/","title":{"rendered":"10 armas s\u00e3o apreendidas pela Pol\u00edcia Militar durante opera\u00e7\u00e3o no Cariri"},"content":{"rendered":"\n<h1 class=\"wp-block-heading\"><\/h1>\n\n\n\n<hr class=\"wp-block-separator\"\/>\n\n\n\n<p>Atrav\u00e9s de uma den\u00fancia an\u00f4nima, a Policia Militar conseguiu apreender nesta \u00faltima quarta-feira(17), dez armas de fogo no s\u00edtio Salinas, zona rural do Congo, Cariri da Para\u00edba.<\/p>\n\n\n\n<p>Segundo informa\u00e7\u00f5es, por volta das 15h30min, policiais do 11\u00ba Batalh\u00e3o receberam uma den\u00fancia de que em um bar na zona rural da cidade do Congo, estaria com uma grande aglomera\u00e7\u00e3o de pessoas bebendo e sem mascaras de preven\u00e7\u00e3o e em desacordo com as medidas de preven\u00e7\u00e3o dos \u00f3rg\u00e3os de sa\u00fade.<\/p>\n\n\n\n<p>Os policias ao chegarem no local (bar), foram conversar com a propriet\u00e1ria de 32 anos de idade, sobre as medidas de preven\u00e7\u00e3o, foi quando avistaram dentro de sua resid\u00eancia, uma espingarda.<\/p>\n\n\n\n<p>A propriet\u00e1ria autorizou a entrada dos policiais que acharam mais tr\u00eas armas de fogo em um quarto. Perguntado se havia mais armas, a mesma disse que seu sogro tinha outras armas em uma casa em frente ao estabelecimento. Os policiais ao se deslocarem at\u00e9 o local mencionado, viram um homem saindo correndo pelos fundos da resid\u00eancia carregando tr\u00eas espingardas, o mesmo foi detido e mais outras tr\u00eas espingardas foram encontradas dentro da casa.<\/p>\n\n\n\n<p>Um total de dez armas de fogo foram apreendidas pelos policiais e os dois acusados foram detidos e logo em seguida encaminhados para a Delegacia de Pol\u00edcia na cidade de Monteiro.<\/p>\n","protected":false},"excerpt":{"rendered":"<p>Atrav\u00e9s de uma den\u00fancia an\u00f4nima, a Policia Militar conseguiu apreender nesta \u00faltima quarta-feira(17), dez armas de fogo no s\u00edtio Salinas, zona rural do Congo, Cariri&hellip; <\/p>\n","protected":false},"author":2,"featured_media":174916,"comment_status":"closed","ping_status":"closed","sticky":false,"template":"","format":"standard","meta":{"sfsi_plus_gutenberg_text_before_share":"","sfsi_plus_gutenberg_show_text_before_share":"","sfsi_plus_gutenberg_icon_type":"","sfsi_plus_gutenberg_icon_alignemt":"","sfsi_plus_gutenburg_max_per_row":"","footnotes":""},"categories":[2],"tags":[],"class_list":["post-174915","post","type-post","status-publish","format-standard","has-post-thumbnail","hentry","category-geral"],"_links":{"self":[{"href":"https:\/\/www.caririemacao.com\/1\/wp-json\/wp\/v2\/posts\/174915","targetHints":{"allow":["GET"]}}],"collection":[{"href":"https:\/\/www.caririemacao.com\/1\/wp-json\/wp\/v2\/posts"}],"about":[{"href":"https:\/\/www.caririemacao.com\/1\/wp-json\/wp\/v2\/types\/post"}],"author":[{"embeddable":true,"href":"https:\/\/www.caririemacao.com\/1\/wp-json\/wp\/v2\/users\/2"}],"replies":[{"embeddable":true,"href":"https:\/\/www.caririemacao.com\/1\/wp-json\/wp\/v2\/comments?post=174915"}],"version-history":[{"count":1,"href":"https:\/\/www.caririemacao.com\/1\/wp-json\/wp\/v2\/posts\/174915\/revisions"}],"predecessor-version":[{"id":174917,"href":"https:\/\/www.caririemacao.com\/1\/wp-json\/wp\/v2\/posts\/174915\/revisions\/174917"}],"wp:featuredmedia":[{"embeddable":true,"href":"https:\/\/www.caririemacao.com\/1\/wp-json\/wp\/v2\/media\/174916"}],"wp:attachment":[{"href":"https:\/\/www.caririemacao.com\/1\/wp-json\/wp\/v2\/media?parent=174915"}],"wp:term":[{"taxonomy":"category","embeddable":true,"href":"https:\/\/www.caririemacao.com\/1\/wp-json\/wp\/v2\/categories?post=174915"},{"taxonomy":"post_tag","embeddable":true,"href":"https:\/\/www.caririemacao.com\/1\/wp-json\/wp\/v2\/tags?post=174915"}],"curies":[{"name":"wp","href":"https:\/\/api.w.org\/{rel}","templated":true}]}}