{"id":174920,"date":"2020-06-18T14:44:17","date_gmt":"2020-06-18T17:44:17","guid":{"rendered":"https:\/\/www.caririemacao.com\/1\/?p=174920"},"modified":"2020-06-18T14:44:17","modified_gmt":"2020-06-18T17:44:17","slug":"prefeitura-de-monteiro-antecipa-salarios-de-junho-a-partir-de-terca","status":"publish","type":"post","link":"https:\/\/www.caririemacao.com\/1\/2020\/06\/18\/prefeitura-de-monteiro-antecipa-salarios-de-junho-a-partir-de-terca\/","title":{"rendered":"Prefeitura de Monteiro antecipa sal\u00e1rios de junho a partir de ter\u00e7a"},"content":{"rendered":"\n<h3 class=\"wp-block-heading\"><\/h3>\n\n\n\n<p>A Prefeita Anna Lorena divulgou na nesta quarta-feira, 17, a antecipa\u00e7\u00e3o do pagamento dos sal\u00e1rios dos servidores municipais do m\u00eas de junho.Segundo as informa\u00e7\u00f5es da gestora o cronograma de pagamento segue desta forma:<\/p>\n\n\n\n<ul class=\"wp-block-list\"><li>23\/06 &#8211; Inativos, Pensionistas, servidores da Montran, Secretaria de Desenvolvimento Social e Cendov<\/li><li>24\/06 Servidores da Secretaria de Sa\u00fade<\/li><li>25\/06 Servidores da Secretaria de Educa\u00e7\u00e3o<\/li><li>26\/06 Demais servidores da Prefeitura.<\/li><\/ul>\n\n\n\n<p>Ainda de acordo com a prefeita Anna Lorena, o cr\u00e9dito da primeira parcela do d\u00e9cimo terceiro sal\u00e1rio acontece no m\u00eas de julho, seguindo a agenda abaixo:<\/p>\n\n\n\n<ul class=\"wp-block-list\"><li>13\/07 &#8211; Servidores da Secretaria de Sa\u00fade<\/li><li>14\/07 &#8211; Servidores da Montran, Secretaria de Desenvolvimento Social e Cendov<\/li><li>15\/07 &#8211; Servidores da Secretaria de Educa\u00e7\u00e3o<\/li><li>16\/07 &#8211; Demais servidores da Prefeitura<\/li><\/ul>\n","protected":false},"excerpt":{"rendered":"<p>A Prefeita Anna Lorena divulgou na nesta quarta-feira, 17, a antecipa\u00e7\u00e3o do pagamento dos sal\u00e1rios dos servidores municipais do m\u00eas de junho.Segundo as informa\u00e7\u00f5es da&hellip; <\/p>\n","protected":false},"author":2,"featured_media":174921,"comment_status":"closed","ping_status":"closed","sticky":false,"template":"","format":"standard","meta":{"sfsi_plus_gutenberg_text_before_share":"","sfsi_plus_gutenberg_show_text_before_share":"","sfsi_plus_gutenberg_icon_type":"","sfsi_plus_gutenberg_icon_alignemt":"","sfsi_plus_gutenburg_max_per_row":"","footnotes":""},"categories":[2],"tags":[],"class_list":["post-174920","post","type-post","status-publish","format-standard","has-post-thumbnail","hentry","category-geral"],"_links":{"self":[{"href":"https:\/\/www.caririemacao.com\/1\/wp-json\/wp\/v2\/posts\/174920","targetHints":{"allow":["GET"]}}],"collection":[{"href":"https:\/\/www.caririemacao.com\/1\/wp-json\/wp\/v2\/posts"}],"about":[{"href":"https:\/\/www.caririemacao.com\/1\/wp-json\/wp\/v2\/types\/post"}],"author":[{"embeddable":true,"href":"https:\/\/www.caririemacao.com\/1\/wp-json\/wp\/v2\/users\/2"}],"replies":[{"embeddable":true,"href":"https:\/\/www.caririemacao.com\/1\/wp-json\/wp\/v2\/comments?post=174920"}],"version-history":[{"count":1,"href":"https:\/\/www.caririemacao.com\/1\/wp-json\/wp\/v2\/posts\/174920\/revisions"}],"predecessor-version":[{"id":174922,"href":"https:\/\/www.caririemacao.com\/1\/wp-json\/wp\/v2\/posts\/174920\/revisions\/174922"}],"wp:featuredmedia":[{"embeddable":true,"href":"https:\/\/www.caririemacao.com\/1\/wp-json\/wp\/v2\/media\/174921"}],"wp:attachment":[{"href":"https:\/\/www.caririemacao.com\/1\/wp-json\/wp\/v2\/media?parent=174920"}],"wp:term":[{"taxonomy":"category","embeddable":true,"href":"https:\/\/www.caririemacao.com\/1\/wp-json\/wp\/v2\/categories?post=174920"},{"taxonomy":"post_tag","embeddable":true,"href":"https:\/\/www.caririemacao.com\/1\/wp-json\/wp\/v2\/tags?post=174920"}],"curies":[{"name":"wp","href":"https:\/\/api.w.org\/{rel}","templated":true}]}}